{"id":10949,"date":"2025-12-20T15:37:00","date_gmt":"2025-12-20T18:37:00","guid":{"rendered":"https:\/\/tnh1.audiencelabs.com.br\/?p=10949"},"modified":"2025-12-17T21:15:04","modified_gmt":"2025-12-18T00:15:04","slug":"nem-a-ciencia-consegue-explicar-rochas-que-se-movem-sozinhas-viram-misterio-na-europa","status":"publish","type":"post","link":"https:\/\/tnh1.audiencelabs.com.br\/nem-a-ciencia-consegue-explicar-rochas-que-se-movem-sozinhas-viram-misterio-na-europa\/","title":{"rendered":"Nem a ci\u00eancia consegue explicar: rochas que se movem sozinhas viram mist\u00e9rio na Europa"},"content":{"rendered":"\n<p>No cora\u00e7\u00e3o da <strong>Rom\u00eania<\/strong>, na aldeia de <strong>Coste\u0219ti, <\/strong>um fen\u00f4meno geol\u00f3gico peculiar atrai aten\u00e7\u00e3o mundial. Conhecidos como <strong>trovants,<\/strong> essas pedras \u201cvivas\u201d intrigam por sua capacidade de crescimento e movimento aparentes.&nbsp;<\/p>\n\n\n\n<p>Formadas h\u00e1 cerca de seis milh\u00f5es de anos, essas forma\u00e7\u00f5es continuam a desafiar os cientistas, que lutam para entender completamente suas caracter\u00edsticas geol\u00f3gicas \u00fanicas.<\/p>\n\n\n<div class=\"wp-block-image\">\n<figure class=\"aligncenter size-full is-resized\"><img loading=\"lazy\" decoding=\"async\" width=\"1024\" height=\"768\" src=\"https:\/\/tnh1.audiencelabs.com.br\/wp-content\/uploads\/2025\/12\/52784028068_7ec7584449_b-1.jpg\" alt=\"\" class=\"wp-image-10950\" style=\"aspect-ratio:1.3333505727806367;width:512px;height:auto\" srcset=\"https:\/\/tnh1.audiencelabs.com.br\/wp-content\/uploads\/2025\/12\/52784028068_7ec7584449_b-1.jpg 1024w, https:\/\/tnh1.audiencelabs.com.br\/wp-content\/uploads\/2025\/12\/52784028068_7ec7584449_b-1-300x225.jpg 300w, https:\/\/tnh1.audiencelabs.com.br\/wp-content\/uploads\/2025\/12\/52784028068_7ec7584449_b-1-768x576.jpg 768w, https:\/\/tnh1.audiencelabs.com.br\/wp-content\/uploads\/2025\/12\/52784028068_7ec7584449_b-1-750x563.jpg 750w\" sizes=\"auto, (max-width: 1024px) 100vw, 1024px\" \/><figcaption class=\"wp-element-caption\">Foto: Harta Romaniei<\/figcaption><\/figure>\n<\/div>\n\n\n<p>Em uma antiga bacia sedimentar, os trovants surgiram de composi\u00e7\u00f5es de arenito e cascalho compactadas ao longo de mil\u00eanios. Essas pedras possuem um n\u00facleo firme cercado por camadas de arenito.<\/p>\n\n\n<div class=\"wp-block-image\">\n<figure class=\"aligncenter size-full is-resized\"><img loading=\"lazy\" decoding=\"async\" width=\"1023\" height=\"712\" src=\"https:\/\/tnh1.audiencelabs.com.br\/wp-content\/uploads\/2025\/12\/52783574786_f5a190a239_b.jpg\" alt=\"\" class=\"wp-image-10951\" style=\"aspect-ratio:1.436827732263278;width:524px;height:auto\" srcset=\"https:\/\/tnh1.audiencelabs.com.br\/wp-content\/uploads\/2025\/12\/52783574786_f5a190a239_b.jpg 1023w, https:\/\/tnh1.audiencelabs.com.br\/wp-content\/uploads\/2025\/12\/52783574786_f5a190a239_b-300x209.jpg 300w, https:\/\/tnh1.audiencelabs.com.br\/wp-content\/uploads\/2025\/12\/52783574786_f5a190a239_b-768x535.jpg 768w, https:\/\/tnh1.audiencelabs.com.br\/wp-content\/uploads\/2025\/12\/52783574786_f5a190a239_b-750x522.jpg 750w\" sizes=\"auto, (max-width: 1023px) 100vw, 1023px\" \/><figcaption class=\"wp-element-caption\">Foto: Andreass96 | Dreamstime<\/figcaption><\/figure>\n<\/div>\n\n\n<p>Durante chuvas fortes, a infiltra\u00e7\u00e3o de \u00e1gua rica em minerais provoca o crescimento das pedras por deposi\u00e7\u00e3o mineral, embora esse processo seja extremamente lento. Estudos indicam que seu crescimento \u00e9 inferior a 5 cent\u00edmetros em 1.200 anos.<\/p>\n\n\n\n<h2 class=\"wp-block-heading\">Movimentos e din\u00e2mica interna<\/h2>\n\n\n\n<p>Os trovants tamb\u00e9m apresentam um leve deslocamento no solo, movendo-se em m\u00e9dia 2,5 mil\u00edmetros a cada duas semanas. Esse movimento \u00e9 provocado pelo crescimento desigual das camadas e influenciado pela gravidade.<\/p>\n\n\n\n<p>Assim como as pedras deslizantes do Vale da Morte, nos EUA, essa movimenta\u00e7\u00e3o desafia a compreens\u00e3o convencional, mas \u00e9 causada por diferentes mecanismos geol\u00f3gicos.<\/p>\n\n\n\n<p>Embora algumas fontes mencionem uma &#8220;respira\u00e7\u00e3o&#8221; interna das rochas, os dados dispon\u00edveis <strong>n\u00e3o sustentam essa afirma\u00e7\u00e3o.<\/strong> O fen\u00f4meno sugerido de pulsa\u00e7\u00e3o interna carece de confirma\u00e7\u00e3o por estudos cient\u00edficos. Pesquisas continuam buscando explica\u00e7\u00f5es sobre esse interessante comportamento das forma\u00e7\u00f5es.<\/p>\n\n\n\n<h2 class=\"wp-block-heading\">Popularidade tur\u00edstica&nbsp;<\/h2>\n\n\n\n<p>Os trovants se tornaram uma atra\u00e7\u00e3o tur\u00edstica na Rom\u00eania. Por\u00e9m, n\u00e3o s\u00e3o reconhecidos individualmente como patrim\u00f4nio natural pela UNESCO. A regi\u00e3o onde se localizam os trovants foi designada Geoparque Internacional da UNESCO em 2022.<\/p>\n\n\n\n<p>No condado de V\u00e2lcea, o Museu Trovant protege essas pe\u00e7as geol\u00f3gicas.<\/p>\n\n\n\n<p>Essas forma\u00e7\u00f5es estranhas tamb\u00e9m deram origem a lendas e teorias. As especula\u00e7\u00f5es variam de f\u00f3sseis de plantas pr\u00e9-hist\u00f3ricas a v\u00ednculos extraterrestres, embora estas n\u00e3o sejam apoiadas por evid\u00eancias cient\u00edficas.<\/p>\n","protected":false},"excerpt":{"rendered":"<p>Forma\u00e7\u00f5es continuam a desafiar cientistas. Veja imagens.<\/p>\n","protected":false},"author":8,"featured_media":4683,"comment_status":"open","ping_status":"open","sticky":false,"template":"","format":"standard","meta":{"jnews-multi-image_gallery":[],"jnews_single_post":{"format":"standard"},"jnews_primary_category":[],"jnews_social_meta":[],"jnews_post_split":[],"footnotes":""},"categories":[1],"tags":[],"class_list":["post-10949","post","type-post","status-publish","format-standard","has-post-thumbnail","hentry","category-geral"],"_links":{"self":[{"href":"https:\/\/tnh1.audiencelabs.com.br\/wp-json\/wp\/v2\/posts\/10949","targetHints":{"allow":["GET"]}}],"collection":[{"href":"https:\/\/tnh1.audiencelabs.com.br\/wp-json\/wp\/v2\/posts"}],"about":[{"href":"https:\/\/tnh1.audiencelabs.com.br\/wp-json\/wp\/v2\/types\/post"}],"author":[{"embeddable":true,"href":"https:\/\/tnh1.audiencelabs.com.br\/wp-json\/wp\/v2\/users\/8"}],"replies":[{"embeddable":true,"href":"https:\/\/tnh1.audiencelabs.com.br\/wp-json\/wp\/v2\/comments?post=10949"}],"version-history":[{"count":1,"href":"https:\/\/tnh1.audiencelabs.com.br\/wp-json\/wp\/v2\/posts\/10949\/revisions"}],"predecessor-version":[{"id":10952,"href":"https:\/\/tnh1.audiencelabs.com.br\/wp-json\/wp\/v2\/posts\/10949\/revisions\/10952"}],"wp:featuredmedia":[{"embeddable":true,"href":"https:\/\/tnh1.audiencelabs.com.br\/wp-json\/wp\/v2\/media\/4683"}],"wp:attachment":[{"href":"https:\/\/tnh1.audiencelabs.com.br\/wp-json\/wp\/v2\/media?parent=10949"}],"wp:term":[{"taxonomy":"category","embeddable":true,"href":"https:\/\/tnh1.audiencelabs.com.br\/wp-json\/wp\/v2\/categories?post=10949"},{"taxonomy":"post_tag","embeddable":true,"href":"https:\/\/tnh1.audiencelabs.com.br\/wp-json\/wp\/v2\/tags?post=10949"}],"curies":[{"name":"wp","href":"https:\/\/api.w.org\/{rel}","templated":true}]}}