{"id":12862,"date":"2026-01-15T11:52:04","date_gmt":"2026-01-15T14:52:04","guid":{"rendered":"https:\/\/tnh1.audiencelabs.com.br\/?p=12862"},"modified":"2026-01-15T11:52:10","modified_gmt":"2026-01-15T14:52:10","slug":"brasil-vai-ganhar-seu-primeiro-aeroporto-para-carros-voadores-e-a-cidade-ja-foi-escolhida","status":"publish","type":"post","link":"https:\/\/tnh1.audiencelabs.com.br\/brasil-vai-ganhar-seu-primeiro-aeroporto-para-carros-voadores-e-a-cidade-ja-foi-escolhida\/","title":{"rendered":"Brasil vai ganhar seu primeiro aeroporto para carros voadores e a cidade j\u00e1 foi escolhida"},"content":{"rendered":"\n<p>O <strong>Rio de Janeiro <\/strong>d\u00e1 um passo significativo na moderniza\u00e7\u00e3o dos transportes ao lan\u00e7ar o primeiro <strong>vertiporto urbano <\/strong>do Brasil. Previsto para o Aeroporto de Jacarepagu\u00e1, na Zona Oeste, o projeto utiliza eVTOLs, aeronaves el\u00e9tricas que decolam e pousam verticalmente, oferecendo uma solu\u00e7\u00e3o inovadora para a mobilidade urbana.<\/p>\n\n\n\n<p>Esta iniciativa \u00e9 resultado da parceria entre a PAX Aeroportos e a UrbanV, operadora internacional, prometendo auxiliar no tr\u00e2nsito e oferecer um transporte mais r\u00e1pido e sustent\u00e1vel.<\/p>\n\n\n\n<p>Em <strong>S\u00e3o Paulo,<\/strong> o Campo de Marte ser\u00e1 palco de um projeto semelhante, reafirmando a import\u00e2ncia dessas estruturas na mobilidade a\u00e9rea avan\u00e7ada no Brasil. Tanto o Rio quanto S\u00e3o Paulo <strong>aguardam aprova\u00e7\u00f5es<\/strong> regulat\u00f3rias para iniciar as opera\u00e7\u00f5es.<\/p>\n\n\n\n<h2 class=\"wp-block-heading\">Impacto dos vertiportos urbanos<\/h2>\n\n\n\n<p>Os vertiportos prometem revolucionar o transporte nas grandes cidades, servindo como pontos estrat\u00e9gicos para eVTOLs. Eles n\u00e3o apenas reduzem o tempo de deslocamento em \u00e1reas congestionadas, mas tamb\u00e9m diminuem as emiss\u00f5es de carbono, devido \u00e0 opera\u00e7\u00e3o el\u00e9trica.<\/p>\n\n\n\n<p>A implementa\u00e7\u00e3o desses sistemas posiciona o Brasil na vanguarda da mobilidade urbana sustent\u00e1vel.<\/p>\n\n\n\n<h2 class=\"wp-block-heading\">Jacarepagu\u00e1: um ponto estrat\u00e9gico<\/h2>\n\n\n\n<p>O Aeroporto de Jacarepagu\u00e1 n\u00e3o foi escolhido por acaso. J\u00e1 funcionando como um centro para rotas executivas e de helic\u00f3pteros, sua proximidade com a Barra da Tijuca torna-o essencial para conectar \u00e1reas empresariais do Rio.<\/p>\n\n\n\n<p>A utiliza\u00e7\u00e3o dessa infraestrutura facilita a r\u00e1pida adapta\u00e7\u00e3o e opera\u00e7\u00e3o dos eVTOLs, alinhando o Rio de Janeiro com tend\u00eancias globais em mobilidade.<\/p>\n","protected":false},"excerpt":{"rendered":"<p>Iniciativa \u00e9 resultado da parceria entre a PAX Aeroportos e a UrbanV.<\/p>\n","protected":false},"author":8,"featured_media":12866,"comment_status":"open","ping_status":"open","sticky":false,"template":"","format":"standard","meta":{"jnews-multi-image_gallery":[],"jnews_single_post":{"format":"standard"},"jnews_primary_category":[],"jnews_social_meta":[],"jnews_post_split":[],"footnotes":""},"categories":[1],"tags":[],"class_list":["post-12862","post","type-post","status-publish","format-standard","has-post-thumbnail","hentry","category-geral"],"_links":{"self":[{"href":"https:\/\/tnh1.audiencelabs.com.br\/wp-json\/wp\/v2\/posts\/12862","targetHints":{"allow":["GET"]}}],"collection":[{"href":"https:\/\/tnh1.audiencelabs.com.br\/wp-json\/wp\/v2\/posts"}],"about":[{"href":"https:\/\/tnh1.audiencelabs.com.br\/wp-json\/wp\/v2\/types\/post"}],"author":[{"embeddable":true,"href":"https:\/\/tnh1.audiencelabs.com.br\/wp-json\/wp\/v2\/users\/8"}],"replies":[{"embeddable":true,"href":"https:\/\/tnh1.audiencelabs.com.br\/wp-json\/wp\/v2\/comments?post=12862"}],"version-history":[{"count":1,"href":"https:\/\/tnh1.audiencelabs.com.br\/wp-json\/wp\/v2\/posts\/12862\/revisions"}],"predecessor-version":[{"id":12868,"href":"https:\/\/tnh1.audiencelabs.com.br\/wp-json\/wp\/v2\/posts\/12862\/revisions\/12868"}],"wp:featuredmedia":[{"embeddable":true,"href":"https:\/\/tnh1.audiencelabs.com.br\/wp-json\/wp\/v2\/media\/12866"}],"wp:attachment":[{"href":"https:\/\/tnh1.audiencelabs.com.br\/wp-json\/wp\/v2\/media?parent=12862"}],"wp:term":[{"taxonomy":"category","embeddable":true,"href":"https:\/\/tnh1.audiencelabs.com.br\/wp-json\/wp\/v2\/categories?post=12862"},{"taxonomy":"post_tag","embeddable":true,"href":"https:\/\/tnh1.audiencelabs.com.br\/wp-json\/wp\/v2\/tags?post=12862"}],"curies":[{"name":"wp","href":"https:\/\/api.w.org\/{rel}","templated":true}]}}