{"id":13367,"date":"2026-01-25T19:36:00","date_gmt":"2026-01-25T22:36:00","guid":{"rendered":"https:\/\/tnh1.audiencelabs.com.br\/?p=13367"},"modified":"2026-01-20T19:20:45","modified_gmt":"2026-01-20T22:20:45","slug":"nao-jogue-fora-a-borra-de-cafe-ela-pode-ser-muito-util-para-outra-funcao-na-sua-casa","status":"publish","type":"post","link":"https:\/\/tnh1.audiencelabs.com.br\/nao-jogue-fora-a-borra-de-cafe-ela-pode-ser-muito-util-para-outra-funcao-na-sua-casa\/","title":{"rendered":"N\u00e3o jogue fora a borra de caf\u00e9: ela pode ser muito \u00fatil para outra fun\u00e7\u00e3o na sua casa"},"content":{"rendered":"\n<p>Pesquisadores da Universidade RMIT, na Austr\u00e1lia, desenvolveram uma t\u00e9cnica inovadora para <strong>aumentar a resist\u00eancia do concreto<\/strong> em at\u00e9 30%, utilizando <strong>borra de caf\u00e9<\/strong> como componente. Este desenvolvimento marca um passo significativo em dire\u00e7\u00e3o a pr\u00e1ticas mais sustent\u00e1veis na constru\u00e7\u00e3o civil.&nbsp;<\/p>\n\n\n\n<p>A t\u00e9cnica envolve a pir\u00f3lise da borra de caf\u00e9, aquecida a mais de 350 \u00b0C sem oxig\u00eanio, resultando na cria\u00e7\u00e3o de um biocarv\u00e3o rico em carbono. Este material \u00e9 ent\u00e3o incorporado \u00e0 mistura de cimento, aumentando a sua resist\u00eancia estrutural.<\/p>\n\n\n\n<p>O uso de biocarv\u00e3o n\u00e3o apenas fortalece o concreto, mas tamb\u00e9m ajuda a reduzir a demanda por recursos naturais, como areia, preservando o meio ambiente.<\/p>\n\n\n\n<h2 class=\"wp-block-heading\">Papel da borra de caf\u00e9 na constru\u00e7\u00e3o<\/h2>\n\n\n\n<p>A transforma\u00e7\u00e3o da borra de caf\u00e9 em biocarv\u00e3o possui potencial para revolucionar a ind\u00fastria da constru\u00e7\u00e3o. Ao substituir at\u00e9 15% da areia utilizada no concreto por este biocarv\u00e3o, a resist\u00eancia do material \u00e9 significativamente aumentada.<\/p>\n\n\n\n<p>Essa substitui\u00e7\u00e3o tamb\u00e9m oferece benef\u00edcios ambientais, pois a extra\u00e7\u00e3o de areia causa s\u00e9rios danos ecol\u00f3gicos.<\/p>\n\n\n\n<h2 class=\"wp-block-heading\">Problemas ambientais<\/h2>\n\n\n\n<p>O descarte inadequado de borra de caf\u00e9 em aterros sanit\u00e1rios libera gases como <strong>metano<\/strong> e <strong>di\u00f3xido de carbono,<\/strong> agravando o efeito estufa. Ao reutilizar este res\u00edduo na produ\u00e7\u00e3o de concreto, esses impactos negativos podem ser reduzidos. Esta abordagem est\u00e1 alinhada a conceitos de economia circular, promovendo um ciclo de vida mais sustent\u00e1vel para os materiais.<\/p>\n\n\n\n<p>Apesar dos resultados promissores, <strong>a t\u00e9cnica ainda est\u00e1 em fase de testes. <\/strong>Os pesquisadores da RMIT est\u00e3o avaliando a durabilidade do concreto com biocarv\u00e3o em condi\u00e7\u00f5es clim\u00e1ticas adversas, como ciclos de congelamento e degelo. A continuidade dos estudos visa confirmar a efic\u00e1cia da t\u00e9cnica a longo prazo e explorar a incorpora\u00e7\u00e3o de outros res\u00edduos org\u00e2nicos.<\/p>\n","protected":false},"excerpt":{"rendered":"<p>Pesquisadores desenvolveram uma t\u00e9cnica inovadora usando borra de caf\u00e9.<\/p>\n","protected":false},"author":8,"featured_media":2955,"comment_status":"open","ping_status":"open","sticky":false,"template":"","format":"standard","meta":{"jnews-multi-image_gallery":[],"jnews_single_post":{"format":"standard"},"jnews_primary_category":[],"jnews_social_meta":[],"jnews_post_split":[],"footnotes":""},"categories":[1],"tags":[],"class_list":["post-13367","post","type-post","status-publish","format-standard","has-post-thumbnail","hentry","category-geral"],"_links":{"self":[{"href":"https:\/\/tnh1.audiencelabs.com.br\/wp-json\/wp\/v2\/posts\/13367","targetHints":{"allow":["GET"]}}],"collection":[{"href":"https:\/\/tnh1.audiencelabs.com.br\/wp-json\/wp\/v2\/posts"}],"about":[{"href":"https:\/\/tnh1.audiencelabs.com.br\/wp-json\/wp\/v2\/types\/post"}],"author":[{"embeddable":true,"href":"https:\/\/tnh1.audiencelabs.com.br\/wp-json\/wp\/v2\/users\/8"}],"replies":[{"embeddable":true,"href":"https:\/\/tnh1.audiencelabs.com.br\/wp-json\/wp\/v2\/comments?post=13367"}],"version-history":[{"count":1,"href":"https:\/\/tnh1.audiencelabs.com.br\/wp-json\/wp\/v2\/posts\/13367\/revisions"}],"predecessor-version":[{"id":13368,"href":"https:\/\/tnh1.audiencelabs.com.br\/wp-json\/wp\/v2\/posts\/13367\/revisions\/13368"}],"wp:featuredmedia":[{"embeddable":true,"href":"https:\/\/tnh1.audiencelabs.com.br\/wp-json\/wp\/v2\/media\/2955"}],"wp:attachment":[{"href":"https:\/\/tnh1.audiencelabs.com.br\/wp-json\/wp\/v2\/media?parent=13367"}],"wp:term":[{"taxonomy":"category","embeddable":true,"href":"https:\/\/tnh1.audiencelabs.com.br\/wp-json\/wp\/v2\/categories?post=13367"},{"taxonomy":"post_tag","embeddable":true,"href":"https:\/\/tnh1.audiencelabs.com.br\/wp-json\/wp\/v2\/tags?post=13367"}],"curies":[{"name":"wp","href":"https:\/\/api.w.org\/{rel}","templated":true}]}}