{"id":13430,"date":"2026-01-21T11:56:03","date_gmt":"2026-01-21T14:56:03","guid":{"rendered":"https:\/\/tnh1.audiencelabs.com.br\/?p=13430"},"modified":"2026-01-21T17:25:10","modified_gmt":"2026-01-21T20:25:10","slug":"programa-lendario-da-tv-brasileira-que-ficou-no-ar-por-7-anos-vai-voltar-em-2026","status":"publish","type":"post","link":"https:\/\/tnh1.audiencelabs.com.br\/programa-lendario-da-tv-brasileira-que-ficou-no-ar-por-7-anos-vai-voltar-em-2026\/","title":{"rendered":"Programa lend\u00e1rio da TV brasileira, que ficou no ar por 7 anos, vai voltar em 2026?"},"content":{"rendered":"\n<p><strong>A Band decidiu encerrar, ao menos por enquanto, as conversas sobre o retorno do <em>CQC<\/em> (Custe o Que Custar)<\/strong>, um dos programas mais emblem\u00e1ticos da emissora nos anos 2000 e 2010. A ideia era recolocar a atra\u00e7\u00e3o no ar ainda neste ano, aproveitando o calend\u00e1rio de grandes eventos, como as elei\u00e7\u00f5es presidenciais e a Copa do Mundo, per\u00edodos tradicionalmente favor\u00e1veis para formatos com vi\u00e9s de humor e cobertura pol\u00edtica.<\/p>\n\n\n\n<p>A emissora consultou ag\u00eancias e anunciantes para medir o interesse do mercado publicit\u00e1rio. O resultado, por\u00e9m, n\u00e3o foi o esperado. <strong>A maioria das respostas indicou resist\u00eancia ao projeto, com a avalia\u00e7\u00e3o de que o formato original do programa n\u00e3o se encaixaria facilmente no atual cen\u00e1rio televisivo e digital.<\/strong><\/p>\n\n\n\n<h3 class=\"wp-block-heading\"><strong>Um marco da TV aberta<\/strong><\/h3>\n\n\n<style>@media (min-width: 992px) {\n    .recomendadorV2Area1 {\n        width: 280px;\n    }\n    .recomendadorV2Area2 {\n        padding: 0px 20px;\n        width: calc(100% - 280px);\n    }\n}\n\n@media (max-width: 992px) {\n    .recomendadorV2Button {\n        margin: 0 auto;\n    }\n    .recomendadorV2Area {\n        flex-direction: column;\n        text-align: center;\n    }\n    .recomendadorV2Area2 {\n        padding: 0px 20px;\n    }\n}\n\n.recomendadorV2Area {\n    background: #eeeeee3d;\n    border-radius: 10px;\n    padding: 15px;\n    display: flex;\n    margin: 15px auto;\n    border: 1px solid #00000014;\n    max-width: 800px;\n}\n\n.recomendadorV2Area1 img {\n    width: 280px;\n    height: auto;\n    border-radius: 8px;\n}\n\n.linkrecomendadorv2 {\n    text-decoration: none !important;\n}\n\n.recomendadorV2Area2 .recomendadorV2Type {\n    text-transform: uppercase;\n    font-weight: 500;\n    font-size: 11px;\n    letter-spacing: 2px;\n    color: #666;\n    margin: 12px 0;\n    display: block;\n}\n\n.recomendadorV2Title h2 {\n    padding-top: 0px !important;\n    margin: 0px !important;\n    border-left: none !important;\n    padding-left: 0px !important;\n    line-height: 1.3;\n    color: #000 !important;\n    font-size: 24px;\n    margin-bottom: 12px !important;\n}\n\n.recomendadorV2Desc {\n    color: #333;\n    margin: 12px 0px !important;\n    font-size: 15px;\n    line-height: 1.5;\n}\n\n.recomendadorV2Button {\n    width: auto;\n    max-width: 200px;\n    margin: 0;\n    display: inline-flex;\n    align-items: center;\n    background: #1D3557;\n    border-radius: 8px;\n    color: #fff;\n    height: 36px;\n    justify-content: center;\n    text-align: center;\n    font-size: 14px;\n    padding: 0 20px;\n    transition: background-color 0.2s ease;\n}\n\n.recomendadorV2Button:hover {\n    background: #2a4d7a;\n}\n\n.recomendadorV2Button:after {\n    margin-top: -2px;\n    content: \"\u2192\";\n    padding: 0px 0px 0px 8px;\n}\n\n.recomendadorV2Alert {\n    text-align: left;\n    font-size: 11px;\n    margin-top: 8px;\n    color: #666;\n}\n\n.recomendadorFixedArea {\n    width: 100%;\n    display: flex;\n    justify-content: center;\n    align-items: center;\n}\n\n@media (min-width: 992px) {\n    #recomendadorFixed {\n        width: 32% !important;\n        left: 5%;\n    }\n    .recomendadorCloseFixed{\n        right: inherit !important;\n        left: 378px !important;\n    }\n}\n\n#recomendadorFixed {\n    width: 90%;\n    box-shadow: 0 10px 20px 0px #00000057;\n    display: none;\n    height: 90px;\n    background: #F6F6F6;\n    position: fixed;\n    flex-direction: row;\n    bottom: 10px;\n    z-index: 9999;\n    border-radius: 16px;\n    padding: 7px 10px;\n}\n\n.recomendadorLeftArea {\n    width: 160px;\n}\n\n.recomendadorRightArea h2 {\n    padding-top: 0px;\n    margin: 2px 0px 4px 0px !important;\n    font-weight: 400;\n    text-align: center;\n    padding-left: 0px !important;\n    color: #000 !important;\n    border-left: none !important;\n    line-height: 20px;\n    font-size: 12px !important;\n}\n\n.recomendadorImgFixed {\n    overflow: hidden;\n    padding: 8px 6px;\n    height: 100%;\n}\n\n.recomendadorImgFixed img {\n    height: 100% !important;\n    border-radius: 16px;\n}\n\n.recomendadorRightArea {\n    padding-top: 6px;\n    display: flex;\n    width: calc(100% - 130px);\n    justify-content: space-between;\n    align-items: center;\n    flex-direction: column;\n}\n\n.recomendadorButtonFixed {\n    margin: 0 auto;\n    background: #1D3557;\n    width: 80%;\n    text-align: center;\n    font-size: 10px;\n    color: #FFF;\n    padding: 2px 10px;\n    border-radius: 3px;\n}\n\n.recomendadorButtonFixed:after {\n    margin-top: -3px;\n    content: \"\u2192\";\n    padding: 0px 0px 0px 10px;\n}\n\n.recomendadorAlertFixed {\n    font-weight: 400;\n    text-align: center;\n    color: #484848;\n    font-size: 8px;\n}\n\n.recomendadorCloseFixed {\n    z-index: 99999;\n    display: none;\n    right: 0px;\n    left: inherit;\n    bottom: 99px;\n    position: fixed;\n    justify-content: center;\n    background: #F6F6F6;\n    width: 25px;\n    align-items: center;\n    height: 25px;\n    font-weight: 800;\n    border-radius: 50%;\n    border: 1px solid #EBEBEB;\n}\n\n.recomendadorV2Desc{\n    color: #000000;\n    margin: 20px 0px;\n}\n\n@media (max-width: 576px) {\n    .recomendadorV2Area {\n      padding: 10px;\n      max-width: 100%;\n    }\n  \n    .recomendadorV2Area1 img {\n      width: 100%;\n      border-radius: 6px;\n    }\n  \n    .recomendadorV2Area2 .recomendadorV2Type {\n      font-size: 9px;\n      letter-spacing: 1px;\n      margin: 8px 0;\n    }\n  \n    .recomendadorV2Title h2 {\n      font-size: 18px !important;\n      margin-bottom: 8px !important;\n      line-height: 1.2;\n    }\n  \n    .recomendadorV2Desc {\n      font-size: 14px;\n      margin: 8px 0 !important;\n      line-height: 1.4;\n    }\n  \n    .recomendadorV2Button {\n      font-size: 12px;\n      height: 30px;\n      padding: 0 12px;\n      max-width: 160px;\n    }\n  \n    .recomendadorV2Button:after {\n      padding-left: 6px;\n    }\n  }\n  <\/style>\n        <div class=\"lazyblock-recomendador-v2-2jDGz wp-block-lazyblock-recomendador-v2\">\n        <a class=\"linkrecomendadorv2\" href=\"https:\/\/www.tnh1.com.br\/variedades\/empresa-recomendada-por-luciano-huck-acaba-de-falir-e-brasileiros-se-revoltam\/?utm_source=lazy\" target=\"_blank\" rel=\"noopener\">\n            <div class=\"recomendadorV2Area\">\n            <div class=\"recomendadorV2Area1\">\n                <div class=\"recomendadorV2Img\">\n                <img class=\"lazyloaded\" decoding=\"async\" src=\"https:\/\/www.tnh1.com.br\/variedades\/wp-content\/uploads\/2025\/10\/bknpkth1enft4ybbkt7haecx0-750x375.jpg\" data-src=\"https:\/\/www.tnh1.com.br\/variedades\/wp-content\/uploads\/2025\/10\/bknpkth1enft4ybbkt7haecx0-750x375.jpg\" alt=\"\">\n                <\/div>\n            <\/div>\n            <div class=\"recomendadorV2Area2\">\n                <div class=\"recomendadorV2Type\">\n                    <span>Crise exposta<\/span>\n                <\/div>\n                <div class=\"recomendadorV2Title\">\n                <h2><span>Empresa indicada por Huck faliu \ud83d\ude21<\/span><\/h2>\n                <\/div>\n                <div class=\"recomendadorV2Desc\">\n                <span>Brasileiros reagem ap\u00f3s recomenda\u00e7\u00e3o<\/span>\n                <\/div>\n                <div class=\"recomendadorV2Button\">Ver repercuss\u00e3o<\/div>\n                <div class=\"recomendadorV2Alert\"><\/div>\n            <\/div>\n            <\/div>\n        <\/a>\n        <div>\n            <div style=\"z-index:99999;\" id=\"buttonClose\" onclick=\"closeRecomendadorFixed()\">\n            <div class=\"recomendadorCloseFixed\">X<\/div>\n            <\/div>\n            <a href=\"https:\/\/www.tnh1.com.br\/variedades\/empresa-recomendada-por-luciano-huck-acaba-de-falir-e-brasileiros-se-revoltam\/?utm_source=lazy\" target=\"_blank\" rel=\"noopener\">\n            <div class=\"recomendadorFixedArea\">\n                <div id=\"recomendadorFixed\">\n                <div class=\"recomendadorLeftArea\">\n                    <div class=\"recomendadorImgFixed\">\n                    <img class=\"lazyload\" decoding=\"async\" src=\"https:\/\/www.tnh1.com.br\/variedades\/wp-content\/uploads\/2025\/10\/bknpkth1enft4ybbkt7haecx0-750x375.jpg\" alt=\"\">\n                    <\/div>\n                <\/div>\n                <div class=\"recomendadorRightArea\">\n                    <div class=\"recomendadorTitleFixed\">\n                    <h2><span>Empresa indicada por Huck faliu \ud83d\ude21<\/span><\/h2>\n                    <\/div>\n                    <div class=\"recomendadorButtonFixed\">Ver repercuss\u00e3o<\/div>\n                    <div class=\"recomendadorAlertFixed\"><\/div>\n                <\/div>\n                <\/div>\n            <\/div>\n            <\/a>\n        <\/div>\n        <\/div>\n\n\n\n<p>Durante sua primeira passagem pela TV aberta, <strong>o <\/strong><strong><em>CQC<\/em><\/strong><strong> foi um dos principais sucessos comerciais da Band.<\/strong> O programa se destacava pela integra\u00e7\u00e3o criativa entre conte\u00fado e publicidade, com a\u00e7\u00f5es de merchandising e vinhetas protagonizadas pelos pr\u00f3prios apresentadores e rep\u00f3rteres, o que agradava ao mercado e garantia bom faturamento.<\/p>\n\n\n\n<p><strong>A proposta de resgatar a atra\u00e7\u00e3o partiu do atual diretor art\u00edstico da Band, Guillermo Pendino<\/strong>, que assumiu recentemente o comando do entretenimento da emissora, substituindo Rodolfo Schneider. Pendino j\u00e1 teve passagem anterior pelo canal e via no <em>CQC<\/em> uma oportunidade de recuperar um produto de forte apelo popular.<\/p>\n\n\n\n<p>Exibido <strong>originalmente entre 2008 e 2015, o <\/strong><strong><em>CQC<\/em><\/strong><strong> ocupava as noites de segunda-feira e acumulou oito temporadas, totalizando 339 epis\u00f3dios.<\/strong> A vers\u00e3o brasileira foi inspirada no formato argentino <em>Caiga Quien Caiga<\/em>, vencedor do Emmy Internacional em 2010, e rapidamente conquistou o p\u00fablico ao misturar humor, cr\u00edtica pol\u00edtica e reportagens irreverentes.<\/p>\n\n\n\n<p>O programa tamb\u00e9m foi respons\u00e1vel por projetar diversos nomes do <strong>humor nacional, como Danilo Gentili, Rafinha Bastos, Marco Luque, Rafael Cortez, Monica Iozzi e Oscar Filho.<\/strong> Marcelo Tas e Dan Stulbach estiveram \u00e0 frente da apresenta\u00e7\u00e3o em diferentes fases do projeto.<\/p>\n\n\n\n<p><strong>Apesar do sucesso inicial, o <em>CQC<\/em>acabou deixando a grade da Band ap\u00f3s um per\u00edodo de desgaste do formato, sa\u00edda de integrantes hist\u00f3ricos e mudan\u00e7as no cen\u00e1rio pol\u00edtico do pa\u00eds.<\/strong> A intensifica\u00e7\u00e3o da polariza\u00e7\u00e3o e a queda gradual de audi\u00eancia e faturamento contribu\u00edram para a decis\u00e3o de encerrar a atra\u00e7\u00e3o.<\/p>\n\n\n\n<p><\/p>\n","protected":false},"excerpt":{"rendered":"<p>A Band decidiu encerrar, ao menos por enquanto, as conversas sobre o retorno do CQC (Custe o Que Custar), um dos programas mais emblem\u00e1ticos da emissora nos anos 2000 e 2010. A ideia era recolocar a atra\u00e7\u00e3o no ar ainda neste ano, aproveitando o calend\u00e1rio de grandes eventos, como as elei\u00e7\u00f5es presidenciais e a Copa [&hellip;]<\/p>\n","protected":false},"author":9,"featured_media":13431,"comment_status":"open","ping_status":"open","sticky":false,"template":"","format":"standard","meta":{"jnews-multi-image_gallery":[],"jnews_single_post":{"format":"standard"},"jnews_primary_category":[],"jnews_social_meta":[],"jnews_post_split":[],"footnotes":""},"categories":[1],"tags":[1551,1553,691,1552],"class_list":["post-13430","post","type-post","status-publish","format-standard","has-post-thumbnail","hentry","category-geral","tag-band","tag-cqc","tag-tv","tag-tv-bandeirantes"],"_links":{"self":[{"href":"https:\/\/tnh1.audiencelabs.com.br\/wp-json\/wp\/v2\/posts\/13430","targetHints":{"allow":["GET"]}}],"collection":[{"href":"https:\/\/tnh1.audiencelabs.com.br\/wp-json\/wp\/v2\/posts"}],"about":[{"href":"https:\/\/tnh1.audiencelabs.com.br\/wp-json\/wp\/v2\/types\/post"}],"author":[{"embeddable":true,"href":"https:\/\/tnh1.audiencelabs.com.br\/wp-json\/wp\/v2\/users\/9"}],"replies":[{"embeddable":true,"href":"https:\/\/tnh1.audiencelabs.com.br\/wp-json\/wp\/v2\/comments?post=13430"}],"version-history":[{"count":2,"href":"https:\/\/tnh1.audiencelabs.com.br\/wp-json\/wp\/v2\/posts\/13430\/revisions"}],"predecessor-version":[{"id":13463,"href":"https:\/\/tnh1.audiencelabs.com.br\/wp-json\/wp\/v2\/posts\/13430\/revisions\/13463"}],"wp:featuredmedia":[{"embeddable":true,"href":"https:\/\/tnh1.audiencelabs.com.br\/wp-json\/wp\/v2\/media\/13431"}],"wp:attachment":[{"href":"https:\/\/tnh1.audiencelabs.com.br\/wp-json\/wp\/v2\/media?parent=13430"}],"wp:term":[{"taxonomy":"category","embeddable":true,"href":"https:\/\/tnh1.audiencelabs.com.br\/wp-json\/wp\/v2\/categories?post=13430"},{"taxonomy":"post_tag","embeddable":true,"href":"https:\/\/tnh1.audiencelabs.com.br\/wp-json\/wp\/v2\/tags?post=13430"}],"curies":[{"name":"wp","href":"https:\/\/api.w.org\/{rel}","templated":true}]}}