{"id":13532,"date":"2026-01-22T09:51:44","date_gmt":"2026-01-22T12:51:44","guid":{"rendered":"https:\/\/tnh1.audiencelabs.com.br\/?p=13532"},"modified":"2026-01-22T09:52:40","modified_gmt":"2026-01-22T12:52:40","slug":"ele-foi-campeao-da-copa-do-mundo-e-agora-corre-o-risco-de-acabar-preso-atras-das-grades","status":"publish","type":"post","link":"https:\/\/tnh1.audiencelabs.com.br\/ele-foi-campeao-da-copa-do-mundo-e-agora-corre-o-risco-de-acabar-preso-atras-das-grades\/","title":{"rendered":"Ele foi campe\u00e3o da Copa do Mundo e agora corre o risco de acabar preso atr\u00e1s das grades"},"content":{"rendered":"\n<p>Um dos nomes mais vitoriosos do futebol franc\u00eas nos \u00faltimos anos, <strong>Lucas Hern\u00e1ndez<\/strong> agora enfrenta uma grave crise fora dos gramados. <strong>Campe\u00e3o mundial com a Fran\u00e7a em 2018 e vencedor da Champions League pelo PSG em 2025, o zagueiro foi denunciado por supostos crimes de tr\u00e1fico de pessoas e trabalho ilegal.<\/strong><\/p>\n\n\n\n<p>A a\u00e7\u00e3o foi apresentada pelo Minist\u00e9rio P\u00fablico de Versalhes ap\u00f3s queixa formal <strong>de uma fam\u00edlia colombiana que teria prestado servi\u00e7os ao atleta e \u00e0 sua esposa, Victoria Triay.<\/strong> Segundo a revista <em>Paris Match<\/em>, os denunciantes, um casal e tr\u00eas filhos, <strong>afirmam ter trabalhado para o jogador entre setembro de 2024 e novembro de 2025 sem qualquer v\u00ednculo empregat\u00edcio formal.\u00a0<\/strong><\/p>\n\n\n\n<p>De acordo com o relato, <strong>os pagamentos eram feitos em dinheiro, sem contrato, sem registro e sem acesso a benef\u00edcios trabalhistas<\/strong>, al\u00e9m de jornadas consideradas abusivas, que vari<strong>avam entre 72 e 84 horas semanais.<\/strong><\/p>\n\n\n\n<h3 class=\"wp-block-heading\"><strong>Promessa de regulariza\u00e7\u00e3o e entrada irregular<\/strong><\/h3>\n\n\n\n<p>A den\u00fancia aponta que o primeiro contato aconteceu em junho de 2024, ainda na Col\u00f4mbia. Na ocasi\u00e3o, <strong>Victoria Triay teria convidado uma das integrantes da fam\u00edlia para trabalhar na resid\u00eancia do casal, nos arredores de Paris, prometendo regularizar a situa\u00e7\u00e3o migrat\u00f3ria em at\u00e9 seis meses.<\/strong> A mulher, identificada como Marie, teria entrado na Fran\u00e7a apenas com passaporte e sem visto de trabalho.<\/p>\n\n\n\n<p>Com o passar dos meses, outros membros da fam\u00edlia tamb\u00e9m teriam sido chamados sob a mesma promessa. No entanto, segundo a advogada dos denunciantes, Lola Dubois, <strong>nenhum dos trabalhadores recebeu contrato formal ou qualquer tipo de documento que garantisse perman\u00eancia legal no pa\u00eds.<\/strong><\/p>\n\n\n\n<h3 class=\"wp-block-heading\"><strong>Documentos falsos e acordos de confidencialidade<\/strong><\/h3>\n\n\n\n<p>Ainda conforme a acusa\u00e7\u00e3o, em fevereiro de 2025, <strong>os trabalhadores teriam recebido documentos espanh\u00f3is falsificados para continuar residindo na Fran\u00e7a.<\/strong> Al\u00e9m disso, a fam\u00edlia afirma que foi pressionada a assinar termos de confidencialidade, o que, segundo a defesa, tinha como<strong> objetivo impedir den\u00fancias sobre as condi\u00e7\u00f5es de trabalho.<\/strong><\/p>\n\n\n\n<p>Os contratos formais s\u00f3 teriam sido produzidos retroativamente em outubro de 2025, ap\u00f3s a demiss\u00e3o de duas funcion\u00e1rias. Mesmo assim, <strong>os documentos apresentados, de acordo com a queixa, registrariam jornadas incompat\u00edveis com a carga real de trabalho enfrentada pela fam\u00edlia colombiana.<\/strong><\/p>\n\n\n\n<h3 class=\"wp-block-heading\"><strong>Caso pode ter repercuss\u00f5es judiciais e esportivas<\/strong><\/h3>\n\n\n\n<p>Se as acusa\u00e7\u00f5es forem confirmadas, <strong>Lucas Hern\u00e1ndez e Victoria Triay podem responder por crimes graves previstos na legisla\u00e7\u00e3o francesa, incluindo explora\u00e7\u00e3o de m\u00e3o de obra irregular e tr\u00e1fico humano<\/strong>, infra\u00e7\u00f5es que podem resultar em <strong>penas de pris\u00e3o e multas elevadas.<\/strong><\/p>\n\n\n\n<p>At\u00e9 o momento, <strong>o jogador e sua equipe jur\u00eddica n\u00e3o se manifestaram oficialmente sobre o caso.<\/strong> O PSG tamb\u00e9m n\u00e3o divulgou posicionamento p\u00fablico, mas acompanha a situa\u00e7\u00e3o internamente, j\u00e1 que o epis\u00f3dio pode gerar impactos na imagem do atleta e do clube.<\/p>\n\n\n\n<p>O caso agora segue sob investiga\u00e7\u00e3o das autoridades francesas. Enquanto isso, o zagueiro, que construiu uma carreira marcada por t\u00edtulos importantes e protagonismo em competi\u00e7\u00f5es internacionais, v\u00ea sua reputa\u00e7\u00e3o ser colocada em xeque por acusa\u00e7\u00f5es que podem representar o maior desafio de sua trajet\u00f3ria fora das quatro linhas.<\/p>\n","protected":false},"excerpt":{"rendered":"<p>Um dos nomes mais vitoriosos do futebol franc\u00eas nos \u00faltimos anos, Lucas Hern\u00e1ndez agora enfrenta uma grave crise fora dos gramados. Campe\u00e3o mundial com a Fran\u00e7a em 2018 e vencedor da Champions League pelo PSG em 2025, o zagueiro foi denunciado por supostos crimes de tr\u00e1fico de pessoas e trabalho ilegal. A a\u00e7\u00e3o foi apresentada [&hellip;]<\/p>\n","protected":false},"author":9,"featured_media":13533,"comment_status":"open","ping_status":"open","sticky":false,"template":"","format":"standard","meta":{"jnews-multi-image_gallery":[],"jnews_single_post":{"format":"standard"},"jnews_primary_category":[],"jnews_social_meta":[],"jnews_post_split":[],"footnotes":""},"categories":[1],"tags":[139,281,1563,1565],"class_list":["post-13532","post","type-post","status-publish","format-standard","has-post-thumbnail","hentry","category-geral","tag-crime","tag-psg","tag-trabalho-ilegal","tag-trafico-de-pessoas"],"_links":{"self":[{"href":"https:\/\/tnh1.audiencelabs.com.br\/wp-json\/wp\/v2\/posts\/13532","targetHints":{"allow":["GET"]}}],"collection":[{"href":"https:\/\/tnh1.audiencelabs.com.br\/wp-json\/wp\/v2\/posts"}],"about":[{"href":"https:\/\/tnh1.audiencelabs.com.br\/wp-json\/wp\/v2\/types\/post"}],"author":[{"embeddable":true,"href":"https:\/\/tnh1.audiencelabs.com.br\/wp-json\/wp\/v2\/users\/9"}],"replies":[{"embeddable":true,"href":"https:\/\/tnh1.audiencelabs.com.br\/wp-json\/wp\/v2\/comments?post=13532"}],"version-history":[{"count":2,"href":"https:\/\/tnh1.audiencelabs.com.br\/wp-json\/wp\/v2\/posts\/13532\/revisions"}],"predecessor-version":[{"id":13535,"href":"https:\/\/tnh1.audiencelabs.com.br\/wp-json\/wp\/v2\/posts\/13532\/revisions\/13535"}],"wp:featuredmedia":[{"embeddable":true,"href":"https:\/\/tnh1.audiencelabs.com.br\/wp-json\/wp\/v2\/media\/13533"}],"wp:attachment":[{"href":"https:\/\/tnh1.audiencelabs.com.br\/wp-json\/wp\/v2\/media?parent=13532"}],"wp:term":[{"taxonomy":"category","embeddable":true,"href":"https:\/\/tnh1.audiencelabs.com.br\/wp-json\/wp\/v2\/categories?post=13532"},{"taxonomy":"post_tag","embeddable":true,"href":"https:\/\/tnh1.audiencelabs.com.br\/wp-json\/wp\/v2\/tags?post=13532"}],"curies":[{"name":"wp","href":"https:\/\/api.w.org\/{rel}","templated":true}]}}