{"id":18111,"date":"2026-03-11T11:04:18","date_gmt":"2026-03-11T14:04:18","guid":{"rendered":"https:\/\/tnh1.audiencelabs.com.br\/?p=18111"},"modified":"2026-03-11T11:04:24","modified_gmt":"2026-03-11T14:04:24","slug":"cientistas-mudam-a-teoria-e-revelam-que-primeiro-humano-nao-nasceu-na-africa","status":"publish","type":"post","link":"https:\/\/tnh1.audiencelabs.com.br\/cientistas-mudam-a-teoria-e-revelam-que-primeiro-humano-nao-nasceu-na-africa\/","title":{"rendered":"Cientistas mudam a teoria e revelam que primeiro humano n\u00e3o nasceu na \u00c1frica"},"content":{"rendered":"\n<p>Durante anos, as evid\u00eancias cient\u00edficas apontaram que importantes esp\u00e9cimes primitivos da ra\u00e7a humana (mais especificamente, os do g\u00eanero <em>Orrorin<\/em>) <strong>teriam surgido h\u00e1 cerca de 6 milh\u00f5es anos na \u00c1frica<\/strong>, o que rendeu ao continente o t\u00edtulo de &#8220;ber\u00e7o da humanidade&#8221;.<\/p>\n\n\n\n<p>Todavia, uma descoberta feita recentemente em um s\u00edtio arqueol\u00f3gico na Bulg\u00e1ria acabou desafiando este entendimento, passando a sugerir que <strong>os ancestrais do ser humano teriam caminhado em solo europeu<\/strong> muitos anos antes.<\/p>\n\n\n\n<p>Isso porque o osso encontrado no s\u00edtio de Azmaka, nas proximidades de Chirpan, trata-se de um f\u00eamur pertencente a um representante do g\u00eanero <em>Graecopithecus<\/em>, cuja idade <strong>pode chegar a 7,2 milh\u00f5es de anos<\/strong>.<\/p>\n\n\n\n<p>De acordo com os especialistas envolvidos na descoberta, a morfologia interna e externa do achado compartilha muitas semelhan\u00e7as com as de outros f\u00f3sseis ancestrais humanos, incluindo<strong> sinais claros de bipedalismo<\/strong>.<\/p>\n\n\n\n<p>Conforme divulgado pelo portal <em>Correio 24 Horas<\/em>, os cientistas apontaram ainda que o osso pode ter pertencido a uma f\u00eamea que vivia nas margens de rios da regi\u00e3o e pesava cerca de 24 quilos no total.<\/p>\n\n\n\n<h2 class=\"wp-block-heading\">Migra\u00e7\u00e3o pode explicar a presen\u00e7a de ancestrais humanos na \u00c1frica<\/h2>\n\n\n\n<p>A descoberta atraiu a aten\u00e7\u00e3o da comunidade cient\u00edfica para Eur\u00e1sia, que h\u00e1 milh\u00f5es de anos atr\u00e1s, contava com um ambiente de savana. Com o passar do tempo, as dr\u00e1sticas mudan\u00e7as clim\u00e1ticas e a redu\u00e7\u00e3o nas florestas dificultaram a sobreviv\u00eancia no local.<\/p>\n\n\n\n<p>Por conta disso, os cientistas acreditam que os homin\u00eddeos da \u00e9poca podem ter sido for\u00e7ados a se deslocar para a \u00c1frica, onde foi poss\u00edvel encontrar condi\u00e7\u00f5es ideais para que as esp\u00e9cies pudessem evoluir para formas mais reconhec\u00edveis da linhagem dos seres humanos.<\/p>\n\n\n\n<p>Mas \u00e9 importante destacar que, mesmo com todo o entusiasmo em torno da descoberta e a exist\u00eancia uma hip\u00f3tese contundente, estudos mais aprofundados ainda precisar\u00e3o ser executados para confirmar se, de fato, haver\u00e3o mudan\u00e7as na hist\u00f3ria da humanidade.<\/p>\n","protected":false},"excerpt":{"rendered":"<p>Durante anos, as evid\u00eancias cient\u00edficas apontaram que importantes esp\u00e9cimes primitivos da ra\u00e7a humana (mais especificamente, os do g\u00eanero Orrorin) teriam surgido h\u00e1 cerca de 6 milh\u00f5es anos na \u00c1frica, o que rendeu ao continente o t\u00edtulo de &#8220;ber\u00e7o da humanidade&#8221;. Todavia, uma descoberta feita recentemente em um s\u00edtio arqueol\u00f3gico na Bulg\u00e1ria acabou desafiando este entendimento, [&hellip;]<\/p>\n","protected":false},"author":19,"featured_media":18112,"comment_status":"open","ping_status":"open","sticky":false,"template":"","format":"standard","meta":{"jnews-multi-image_gallery":[],"jnews_single_post":{"format":"standard"},"jnews_primary_category":[],"jnews_social_meta":[],"jnews_post_split":[],"footnotes":""},"categories":[1],"tags":[],"class_list":["post-18111","post","type-post","status-publish","format-standard","has-post-thumbnail","hentry","category-geral"],"_links":{"self":[{"href":"https:\/\/tnh1.audiencelabs.com.br\/wp-json\/wp\/v2\/posts\/18111","targetHints":{"allow":["GET"]}}],"collection":[{"href":"https:\/\/tnh1.audiencelabs.com.br\/wp-json\/wp\/v2\/posts"}],"about":[{"href":"https:\/\/tnh1.audiencelabs.com.br\/wp-json\/wp\/v2\/types\/post"}],"author":[{"embeddable":true,"href":"https:\/\/tnh1.audiencelabs.com.br\/wp-json\/wp\/v2\/users\/19"}],"replies":[{"embeddable":true,"href":"https:\/\/tnh1.audiencelabs.com.br\/wp-json\/wp\/v2\/comments?post=18111"}],"version-history":[{"count":1,"href":"https:\/\/tnh1.audiencelabs.com.br\/wp-json\/wp\/v2\/posts\/18111\/revisions"}],"predecessor-version":[{"id":18124,"href":"https:\/\/tnh1.audiencelabs.com.br\/wp-json\/wp\/v2\/posts\/18111\/revisions\/18124"}],"wp:featuredmedia":[{"embeddable":true,"href":"https:\/\/tnh1.audiencelabs.com.br\/wp-json\/wp\/v2\/media\/18112"}],"wp:attachment":[{"href":"https:\/\/tnh1.audiencelabs.com.br\/wp-json\/wp\/v2\/media?parent=18111"}],"wp:term":[{"taxonomy":"category","embeddable":true,"href":"https:\/\/tnh1.audiencelabs.com.br\/wp-json\/wp\/v2\/categories?post=18111"},{"taxonomy":"post_tag","embeddable":true,"href":"https:\/\/tnh1.audiencelabs.com.br\/wp-json\/wp\/v2\/tags?post=18111"}],"curies":[{"name":"wp","href":"https:\/\/api.w.org\/{rel}","templated":true}]}}