{"id":19475,"date":"2026-03-25T13:38:37","date_gmt":"2026-03-25T16:38:37","guid":{"rendered":"https:\/\/tnh1.audiencelabs.com.br\/?p=19475"},"modified":"2026-03-25T13:38:42","modified_gmt":"2026-03-25T16:38:42","slug":"brasileiros-ficarao-sem-agua-nesta-quinta-feira-26-03","status":"publish","type":"post","link":"https:\/\/tnh1.audiencelabs.com.br\/brasileiros-ficarao-sem-agua-nesta-quinta-feira-26-03\/","title":{"rendered":"Brasileiros ficar\u00e3o sem \u00e1gua nesta quinta-feira (26\/03)"},"content":{"rendered":"\n<p>Moradores de Porto Alegre devem enfrentar interrup\u00e7\u00e3o no fornecimento de \u00e1gua nesta quinta-feira (26\/03). A suspens\u00e3o ocorre por conta de um servi\u00e7o programado de manuten\u00e7\u00e3o no sistema de abastecimento da cidade, a Esta\u00e7\u00e3o de Bombeamento de \u00c1gua Tratada (Ebat) Oscar Pereira.<\/p>\n\n\n\n<p>De acordo com informa\u00e7\u00f5es do Departamento Municipal de \u00c1gua e Esgotos (Dmae), a paralisa\u00e7\u00e3o \u00e9 necess\u00e1ria para viabilizar ajustes t\u00e9cnicos na rede, o que pode impactar diretamente o fornecimento em algumas regi\u00f5es.<\/p>\n\n\n\n<h2 class=\"wp-block-heading\">Veja os bairros que ficar\u00e3o sem \u00e1gua<\/h2>\n\n\n\n<p>A previs\u00e3o \u00e9 de que seis bairros da capital ga\u00facha sejam afetados pela interrup\u00e7\u00e3o tempor\u00e1ria. As \u00e1reas atingidas fazem parte do sistema que passar\u00e1 por manuten\u00e7\u00e3o ao longo do dia. Os locais s\u00e3o: Bel\u00e9m Velho, Coronel Apar\u00edcio Borges, Cascata, Vila Nova, Teres\u00f3polis e Gl\u00f3ria.<\/p>\n\n\n\n<p>Assim como ocorre em outras interven\u00e7\u00f5es semelhantes, o desabastecimento tende a ser mais percept\u00edvel em regi\u00f5es mais altas ou distantes da rede principal.<\/p>\n\n\n\n<h2 class=\"wp-block-heading\">Normaliza\u00e7\u00e3o deve ocorrer de forma gradual<\/h2>\n\n\n\n<p>A expectativa \u00e9 que o abastecimento seja restabelecido de forma progressiva ap\u00f3s a conclus\u00e3o dos trabalhos madrugada de sexta-feira, 27. \u00c9 poss\u00edvel que o retorno ocorra gradualmente, com maior demora em \u00e1reas elevadas.<\/p>\n\n\n\n<p>Ap\u00f3s o restabelecimento do servi\u00e7o, pode haver altera\u00e7\u00f5es tempor\u00e1rias na colora\u00e7\u00e3o ou no gosto da \u00e1gua. Esse fen\u00f4meno \u00e9 comum ap\u00f3s interrup\u00e7\u00f5es e ocorre devido ao deslocamento de part\u00edculas nas tubula\u00e7\u00f5es, n\u00e3o representando risco \u00e0 sa\u00fade. Caso a altera\u00e7\u00e3o persista, a orienta\u00e7\u00e3o \u00e9 entrar em contato com os canais de atendimento para solicitar a verifica\u00e7\u00e3o.<\/p>\n\n\n\n<h2 class=\"wp-block-heading\">Manuten\u00e7\u00f5es s\u00e3o frequentes na cidade<\/h2>\n\n\n\n<p>Interven\u00e7\u00f5es desse tipo fazem parte da rotina operacional do sistema de abastecimento. Em Porto Alegre, desligamentos programados costumam ocorrer para manuten\u00e7\u00e3o el\u00e9trica ou melhorias estruturais, podendo afetar diversos bairros simultaneamente.<\/p>\n\n\n\n<p><\/p>\n","protected":false},"excerpt":{"rendered":"<p>Moradores de Porto Alegre devem enfrentar interrup\u00e7\u00e3o no fornecimento de \u00e1gua nesta quinta-feira (26\/03). A suspens\u00e3o ocorre por conta de um servi\u00e7o programado de manuten\u00e7\u00e3o no sistema de abastecimento da cidade, a Esta\u00e7\u00e3o de Bombeamento de \u00c1gua Tratada (Ebat) Oscar Pereira. De acordo com informa\u00e7\u00f5es do Departamento Municipal de \u00c1gua e Esgotos (Dmae), a paralisa\u00e7\u00e3o [&hellip;]<\/p>\n","protected":false},"author":20,"featured_media":19476,"comment_status":"open","ping_status":"open","sticky":false,"template":"","format":"standard","meta":{"jnews-multi-image_gallery":[],"jnews_single_post":{"format":"standard"},"jnews_primary_category":[],"jnews_social_meta":[],"jnews_post_split":[],"footnotes":""},"categories":[1],"tags":[],"class_list":["post-19475","post","type-post","status-publish","format-standard","has-post-thumbnail","hentry","category-geral"],"_links":{"self":[{"href":"https:\/\/tnh1.audiencelabs.com.br\/wp-json\/wp\/v2\/posts\/19475","targetHints":{"allow":["GET"]}}],"collection":[{"href":"https:\/\/tnh1.audiencelabs.com.br\/wp-json\/wp\/v2\/posts"}],"about":[{"href":"https:\/\/tnh1.audiencelabs.com.br\/wp-json\/wp\/v2\/types\/post"}],"author":[{"embeddable":true,"href":"https:\/\/tnh1.audiencelabs.com.br\/wp-json\/wp\/v2\/users\/20"}],"replies":[{"embeddable":true,"href":"https:\/\/tnh1.audiencelabs.com.br\/wp-json\/wp\/v2\/comments?post=19475"}],"version-history":[{"count":1,"href":"https:\/\/tnh1.audiencelabs.com.br\/wp-json\/wp\/v2\/posts\/19475\/revisions"}],"predecessor-version":[{"id":19477,"href":"https:\/\/tnh1.audiencelabs.com.br\/wp-json\/wp\/v2\/posts\/19475\/revisions\/19477"}],"wp:featuredmedia":[{"embeddable":true,"href":"https:\/\/tnh1.audiencelabs.com.br\/wp-json\/wp\/v2\/media\/19476"}],"wp:attachment":[{"href":"https:\/\/tnh1.audiencelabs.com.br\/wp-json\/wp\/v2\/media?parent=19475"}],"wp:term":[{"taxonomy":"category","embeddable":true,"href":"https:\/\/tnh1.audiencelabs.com.br\/wp-json\/wp\/v2\/categories?post=19475"},{"taxonomy":"post_tag","embeddable":true,"href":"https:\/\/tnh1.audiencelabs.com.br\/wp-json\/wp\/v2\/tags?post=19475"}],"curies":[{"name":"wp","href":"https:\/\/api.w.org\/{rel}","templated":true}]}}