{"id":20508,"date":"2026-04-04T15:16:00","date_gmt":"2026-04-04T18:16:00","guid":{"rendered":"https:\/\/tnh1.audiencelabs.com.br\/?p=20508"},"modified":"2026-04-01T15:28:32","modified_gmt":"2026-04-01T18:28:32","slug":"alem-de-engordar-refrigerante-pode-causar-doenca-irreparavel-no-cerebro","status":"publish","type":"post","link":"https:\/\/tnh1.audiencelabs.com.br\/alem-de-engordar-refrigerante-pode-causar-doenca-irreparavel-no-cerebro\/","title":{"rendered":"Al\u00e9m de engordar, refrigerante pode causar doen\u00e7a irrepar\u00e1vel no c\u00e9rebro"},"content":{"rendered":"\n<p>O consumo frequente de refrigerantes e outras bebidas a\u00e7ucaradas, j\u00e1 conhecido por contribuir para o ganho de peso, tamb\u00e9m pode trazer consequ\u00eancias mais graves \u00e0 sa\u00fade: o aumento do risco de dem\u00eancia, condi\u00e7\u00e3o que afeta de forma progressiva e irrevers\u00edvel o c\u00e9rebro. \u00c9 o que aponta um estudo publicado no peri\u00f3dico <a href=\"https:\/\/www.sciencedirect.com\/science\/article\/pii\/S1279770725002659\" target=\"_blank\" rel=\"noreferrer noopener\">The Journal of Nutrition, Health and Aging<\/a>.<\/p>\n\n\n\n<p>A an\u00e1lise considera dados de 118 mil adultos, obtidos durante 13 anos por meio do UK Biobank. Assim, foram cruzadas informa\u00e7\u00f5es sobre h\u00e1bitos alimentares e o surgimento de doen\u00e7as cognitivas. Os resultados apontam que pessoas que ingerem essas bebidas com frequ\u00eancia apresentam maior risco de adquirir alguma doen\u00e7a de demencia, em compara\u00e7\u00e3o com aquelas que consomem raramente ou evitam esse tipo de produto.<\/p>\n\n\n\n<h2 class=\"wp-block-heading\">A\u00e7\u00facar em excesso pode prejudicar o c\u00e9rebro<\/h2>\n\n\n\n<p>O excesso de a\u00e7\u00facar pode afetar diretamente o funcionamento cerebral, contribuindo para altera\u00e7\u00f5es que favorecem o decl\u00ednio cognitivo. Esse efeito est\u00e1 ligado a fatores como altera\u00e7\u00f5es no controle da glicose no organismo e poss\u00edveis danos cumulativos ao longo dos anos. Com o tempo, essas mudan\u00e7as podem aumentar o risco de doen\u00e7as neurodegenerativas.<\/p>\n\n\n\n<h2 class=\"wp-block-heading\">Dem\u00eancia \u00e9 progressiva e sem cura<\/h2>\n\n\n\n<p>A dem\u00eancia \u00e9 caracterizada pela perda gradual de fun\u00e7\u00f5es cognitivas, como mem\u00f3ria, racioc\u00ednio e orienta\u00e7\u00e3o. Em muitos casos, est\u00e1 associada a doen\u00e7as como o Alzheimer, que evoluem ao longo do tempo e n\u00e3o t\u00eam cura definitiva.<\/p>\n\n\n\n<p>Por isso, a preven\u00e7\u00e3o, incluindo h\u00e1bitos alimentares mais equilibrados, \u00e9 considerada uma das principais estrat\u00e9gias para reduzir o risco.<\/p>\n\n\n\n<h2 class=\"wp-block-heading\">Modera\u00e7\u00e3o \u00e9 fundamental<\/h2>\n\n\n\n<p>A principal recomenda\u00e7\u00e3o \u00e9 a modera\u00e7\u00e3o. Reduzir o consumo de bebidas a\u00e7ucaradas e priorizar uma alimenta\u00e7\u00e3o mais saud\u00e1vel pode ser um passo importante para proteger n\u00e3o apenas o corpo, mas tamb\u00e9m o c\u00e9rebro.<\/p>\n\n\n\n<h2 class=\"wp-block-heading\">Sobre o estudo<\/h2>\n\n\n\n<p>\u00c9 importante destacar, no entanto, que a pesquisa \u00e9 de car\u00e1ter observacional, o que significa que n\u00e3o permite afirmar que exista uma rela\u00e7\u00e3o direta de causa e efeito entre o consumo das bebidas a\u00e7ucaradas, como os refrigerantes, e o desenvolvimento de alguma doen\u00e7a de dem\u00eancia. <\/p>\n\n\n\n<p>Outro ponto a considerar \u00e9 que os dados sobre ingest\u00e3o desses produtos foram fornecidos pelos pr\u00f3prios participantes, por meio de question\u00e1rios, o que pode comprometer a exatid\u00e3o das informa\u00e7\u00f5es coletadas.<\/p>\n","protected":false},"excerpt":{"rendered":"<p>O consumo frequente de refrigerantes e outras bebidas a\u00e7ucaradas, j\u00e1 conhecido por contribuir para o ganho de peso, tamb\u00e9m pode trazer consequ\u00eancias mais graves \u00e0 sa\u00fade: o aumento do risco de dem\u00eancia, condi\u00e7\u00e3o que afeta de forma progressiva e irrevers\u00edvel o c\u00e9rebro. \u00c9 o que aponta um estudo publicado no peri\u00f3dico The Journal of Nutrition, [&hellip;]<\/p>\n","protected":false},"author":20,"featured_media":20509,"comment_status":"open","ping_status":"open","sticky":false,"template":"","format":"standard","meta":{"jnews-multi-image_gallery":[],"jnews_single_post":{"format":"standard"},"jnews_primary_category":[],"jnews_social_meta":[],"jnews_post_split":[],"footnotes":""},"categories":[1],"tags":[],"class_list":["post-20508","post","type-post","status-publish","format-standard","has-post-thumbnail","hentry","category-geral"],"_links":{"self":[{"href":"https:\/\/tnh1.audiencelabs.com.br\/wp-json\/wp\/v2\/posts\/20508","targetHints":{"allow":["GET"]}}],"collection":[{"href":"https:\/\/tnh1.audiencelabs.com.br\/wp-json\/wp\/v2\/posts"}],"about":[{"href":"https:\/\/tnh1.audiencelabs.com.br\/wp-json\/wp\/v2\/types\/post"}],"author":[{"embeddable":true,"href":"https:\/\/tnh1.audiencelabs.com.br\/wp-json\/wp\/v2\/users\/20"}],"replies":[{"embeddable":true,"href":"https:\/\/tnh1.audiencelabs.com.br\/wp-json\/wp\/v2\/comments?post=20508"}],"version-history":[{"count":2,"href":"https:\/\/tnh1.audiencelabs.com.br\/wp-json\/wp\/v2\/posts\/20508\/revisions"}],"predecessor-version":[{"id":20512,"href":"https:\/\/tnh1.audiencelabs.com.br\/wp-json\/wp\/v2\/posts\/20508\/revisions\/20512"}],"wp:featuredmedia":[{"embeddable":true,"href":"https:\/\/tnh1.audiencelabs.com.br\/wp-json\/wp\/v2\/media\/20509"}],"wp:attachment":[{"href":"https:\/\/tnh1.audiencelabs.com.br\/wp-json\/wp\/v2\/media?parent=20508"}],"wp:term":[{"taxonomy":"category","embeddable":true,"href":"https:\/\/tnh1.audiencelabs.com.br\/wp-json\/wp\/v2\/categories?post=20508"},{"taxonomy":"post_tag","embeddable":true,"href":"https:\/\/tnh1.audiencelabs.com.br\/wp-json\/wp\/v2\/tags?post=20508"}],"curies":[{"name":"wp","href":"https:\/\/api.w.org\/{rel}","templated":true}]}}