{"id":20863,"date":"2026-04-11T18:25:00","date_gmt":"2026-04-11T21:25:00","guid":{"rendered":"https:\/\/tnh1.audiencelabs.com.br\/?p=20863"},"modified":"2026-04-06T17:21:50","modified_gmt":"2026-04-06T20:21:50","slug":"exame-de-rotina-agora-e-capaz-de-detectar-demencia-12-anos-antes-do-primeiro-sintoma","status":"publish","type":"post","link":"https:\/\/tnh1.audiencelabs.com.br\/exame-de-rotina-agora-e-capaz-de-detectar-demencia-12-anos-antes-do-primeiro-sintoma\/","title":{"rendered":"Exame de rotina agora \u00e9 capaz de detectar dem\u00eancia 12 anos antes do primeiro sintoma"},"content":{"rendered":"\n<p>Um exame simples, comum em consultas oftalmol\u00f3gicas, pode se tornar um aliado poderoso na detec\u00e7\u00e3o precoce da dem\u00eancia. Pesquisadores da Neuroscience Research Australia identificaram que altera\u00e7\u00f5es na vis\u00e3o podem indicar risco da doen\u00e7a at\u00e9 12 anos antes dos primeiros sintomas cognitivos.<\/p>\n\n\n\n<p>O estudo, publicado na revista Aging and Mental Health, analisou mais de 2 mil participantes ao longo de anos e encontrou uma rela\u00e7\u00e3o consistente entre perda de acuidade visual e queda no desempenho cognitivo. O teste utilizado, conhecido como logMAR, mede a capacidade de enxergar detalhes com precis\u00e3o e j\u00e1 faz parte da rotina de muitos consult\u00f3rios.<\/p>\n\n\n\n<h2 class=\"wp-block-heading\">Exame de vis\u00e3o pode antecipar sinais de dem\u00eancia<\/h2>\n\n\n\n<p>Os resultados mostram que pessoas com pior desempenho visual apresentaram, ao longo do tempo, maior risco de desenvolver dem\u00eancia. A explica\u00e7\u00e3o est\u00e1 na conex\u00e3o direta entre olhos e c\u00e9rebro: dificuldades na percep\u00e7\u00e3o visual podem reduzir o est\u00edmulo cerebral e afetar fun\u00e7\u00f5es cognitivas essenciais, como mem\u00f3ria e racioc\u00ednio.<\/p>\n\n\n\n<p>Al\u00e9m disso, especialistas apontam que altera\u00e7\u00f5es na retina \u2014 onde j\u00e1 foram encontradas prote\u00ednas associadas ao Alzheimer \u2014 podem refletir mudan\u00e7as neurol\u00f3gicas mais amplas. Outro fator relevante \u00e9 o impacto comportamental: problemas de vis\u00e3o podem levar ao isolamento social, que tamb\u00e9m est\u00e1 ligado ao decl\u00ednio cognitivo.<\/p>\n\n\n\n<p>Os achados refor\u00e7am diretrizes recentes da The Lancet, que incluem a perda de vis\u00e3o n\u00e3o tratada entre os principais fatores de risco modific\u00e1veis para dem\u00eancia. Segundo especialistas, at\u00e9 45% dos casos podem ser evitados com a preven\u00e7\u00e3o adequada.<\/p>\n\n\n\n<p>Apesar disso, a perda de vis\u00e3o n\u00e3o significa, necessariamente, que a pessoa desenvolver\u00e1 a doen\u00e7a. O alerta serve para destacar a import\u00e2ncia do diagn\u00f3stico precoce e do cuidado cont\u00ednuo com a sa\u00fade ocular.<\/p>\n\n\n\n<p>Com exames regulares e tratamento de condi\u00e7\u00f5es como catarata ou glaucoma, \u00e9 poss\u00edvel n\u00e3o apenas preservar a vis\u00e3o, mas tamb\u00e9m contribuir para a sa\u00fade do c\u00e9rebro \u2014 ampliando as chances de identificar sinais precoces e retardar o avan\u00e7o de doen\u00e7as neurodegenerativas.<\/p>\n","protected":false},"excerpt":{"rendered":"<p>Um exame simples, comum em consultas oftalmol\u00f3gicas, pode se tornar um aliado poderoso na detec\u00e7\u00e3o precoce da dem\u00eancia. Pesquisadores da Neuroscience Research Australia identificaram que altera\u00e7\u00f5es na vis\u00e3o podem indicar risco da doen\u00e7a at\u00e9 12 anos antes dos primeiros sintomas cognitivos. O estudo, publicado na revista Aging and Mental Health, analisou mais de 2 mil [&hellip;]<\/p>\n","protected":false},"author":7,"featured_media":20869,"comment_status":"open","ping_status":"open","sticky":false,"template":"","format":"standard","meta":{"jnews-multi-image_gallery":[],"jnews_single_post":{"format":"standard"},"jnews_primary_category":[],"jnews_social_meta":[],"jnews_post_split":[],"footnotes":""},"categories":[1],"tags":[],"class_list":["post-20863","post","type-post","status-publish","format-standard","has-post-thumbnail","hentry","category-geral"],"_links":{"self":[{"href":"https:\/\/tnh1.audiencelabs.com.br\/wp-json\/wp\/v2\/posts\/20863","targetHints":{"allow":["GET"]}}],"collection":[{"href":"https:\/\/tnh1.audiencelabs.com.br\/wp-json\/wp\/v2\/posts"}],"about":[{"href":"https:\/\/tnh1.audiencelabs.com.br\/wp-json\/wp\/v2\/types\/post"}],"author":[{"embeddable":true,"href":"https:\/\/tnh1.audiencelabs.com.br\/wp-json\/wp\/v2\/users\/7"}],"replies":[{"embeddable":true,"href":"https:\/\/tnh1.audiencelabs.com.br\/wp-json\/wp\/v2\/comments?post=20863"}],"version-history":[{"count":1,"href":"https:\/\/tnh1.audiencelabs.com.br\/wp-json\/wp\/v2\/posts\/20863\/revisions"}],"predecessor-version":[{"id":20870,"href":"https:\/\/tnh1.audiencelabs.com.br\/wp-json\/wp\/v2\/posts\/20863\/revisions\/20870"}],"wp:featuredmedia":[{"embeddable":true,"href":"https:\/\/tnh1.audiencelabs.com.br\/wp-json\/wp\/v2\/media\/20869"}],"wp:attachment":[{"href":"https:\/\/tnh1.audiencelabs.com.br\/wp-json\/wp\/v2\/media?parent=20863"}],"wp:term":[{"taxonomy":"category","embeddable":true,"href":"https:\/\/tnh1.audiencelabs.com.br\/wp-json\/wp\/v2\/categories?post=20863"},{"taxonomy":"post_tag","embeddable":true,"href":"https:\/\/tnh1.audiencelabs.com.br\/wp-json\/wp\/v2\/tags?post=20863"}],"curies":[{"name":"wp","href":"https:\/\/api.w.org\/{rel}","templated":true}]}}