{"id":22868,"date":"2026-04-25T09:32:00","date_gmt":"2026-04-25T12:32:00","guid":{"rendered":"https:\/\/tnh1.audiencelabs.com.br\/?p=22868"},"modified":"2026-04-20T12:54:57","modified_gmt":"2026-04-20T15:54:57","slug":"charles-darwin-cientista-nao-e-a-especie-mais-forte-que-sobrevive-nem-a-mais-inteligente-mas-a-que-melhor-se-adapta-a-mudanca","status":"publish","type":"post","link":"https:\/\/tnh1.audiencelabs.com.br\/charles-darwin-cientista-nao-e-a-especie-mais-forte-que-sobrevive-nem-a-mais-inteligente-mas-a-que-melhor-se-adapta-a-mudanca\/","title":{"rendered":"Charles Darwin, cientista: \u201cN\u00e3o \u00e9 a esp\u00e9cie mais forte que sobrevive, nem a mais inteligente, mas a que melhor se adapta \u00e0 mudan\u00e7a\u201d"},"content":{"rendered":"\n<p>A senten\u00e7a <em>&#8220;N\u00e3o \u00e9 a esp\u00e9cie mais forte que sobrevive, nem a mais inteligente, mas a que melhor se adapta \u00e0 mudan\u00e7a&#8221; <\/em>\u00e9 frequentemente associada ao naturalista brit\u00e2nico <strong>Charles Darwin,<\/strong> embora n\u00e3o figure textualmente em seus escritos.<\/p>\n\n\n\n<p>Especialistas apontam que a formula\u00e7\u00e3o sintetiza o conceito de sele\u00e7\u00e3o natural, eixo central da teoria evolutiva apresentada por Darwin em meados do s\u00e9culo XIX, especialmente na obra A Origem das Esp\u00e9cies, publicada em 1859.<\/p>\n\n\n\n<p>Segundo essa teoria, organismos portadores de caracter\u00edsticas mais favor\u00e1veis a determinado ambiente apresentam maiores probabilidades de sobreviv\u00eancia e reprodu\u00e7\u00e3o ao longo das gera\u00e7\u00f5es.<\/p>\n\n\n\n<p>Com o tempo, o princ\u00edpio da adapta\u00e7\u00e3o transcendeu os limites da biologia e passou a ser empregado na interpreta\u00e7\u00e3o de fen\u00f4menos sociais, econ\u00f4micos e empresariais. Em contextos contempor\u00e2neos marcados por aceleradas mudan\u00e7as tecnol\u00f3gicas, transforma\u00e7\u00f5es no mundo do trabalho e novas din\u00e2micas sociais, a capacidade de ajuste tornou-se um fator determinante.&nbsp;<\/p>\n\n\n\n<p>Na Col\u00f4mbia, por exemplo, a expans\u00e3o da economia digital e a incorpora\u00e7\u00e3o de ferramentas tecnol\u00f3gicas modificaram o mercado de trabalho, extinguindo algumas ocupa\u00e7\u00f5es tradicionais e criando outras que exigem habilidades ligadas \u00e0 inova\u00e7\u00e3o e ao ambiente virtual.&nbsp;<\/p>\n\n\n\n<h2 class=\"wp-block-heading\">\u00c2mbito empresarial<\/h2>\n\n\n\n<p>O mesmo fen\u00f4meno \u00e9 observado no \u00e2mbito empresarial. Organiza\u00e7\u00f5es que dominaram seus mercados por d\u00e9cadas viram-se obrigadas a se reinventar diante de mudan\u00e7as nos padr\u00f5es de consumo, avan\u00e7os tecnol\u00f3gicos e nova concorr\u00eancia.<\/p>\n\n\n\n<p>Paralelamente, pequenos empreendimentos prosperaram gra\u00e7as \u00e0 flexibilidade e \u00e0 capacidade de resposta r\u00e1pida. A educa\u00e7\u00e3o e a vida cotidiana tamb\u00e9m refletem essa l\u00f3gica: a necessidade de adquirir novas habilidades.<\/p>\n","protected":false},"excerpt":{"rendered":"<p>Com o tempo, o princ\u00edpio da adapta\u00e7\u00e3o transcendeu os limites da biologia.<\/p>\n","protected":false},"author":8,"featured_media":2731,"comment_status":"open","ping_status":"open","sticky":false,"template":"","format":"standard","meta":{"jnews-multi-image_gallery":[],"jnews_single_post":{"format":"standard"},"jnews_primary_category":[],"jnews_social_meta":[],"jnews_post_split":[],"footnotes":""},"categories":[1],"tags":[],"class_list":["post-22868","post","type-post","status-publish","format-standard","has-post-thumbnail","hentry","category-geral"],"_links":{"self":[{"href":"https:\/\/tnh1.audiencelabs.com.br\/wp-json\/wp\/v2\/posts\/22868","targetHints":{"allow":["GET"]}}],"collection":[{"href":"https:\/\/tnh1.audiencelabs.com.br\/wp-json\/wp\/v2\/posts"}],"about":[{"href":"https:\/\/tnh1.audiencelabs.com.br\/wp-json\/wp\/v2\/types\/post"}],"author":[{"embeddable":true,"href":"https:\/\/tnh1.audiencelabs.com.br\/wp-json\/wp\/v2\/users\/8"}],"replies":[{"embeddable":true,"href":"https:\/\/tnh1.audiencelabs.com.br\/wp-json\/wp\/v2\/comments?post=22868"}],"version-history":[{"count":3,"href":"https:\/\/tnh1.audiencelabs.com.br\/wp-json\/wp\/v2\/posts\/22868\/revisions"}],"predecessor-version":[{"id":23067,"href":"https:\/\/tnh1.audiencelabs.com.br\/wp-json\/wp\/v2\/posts\/22868\/revisions\/23067"}],"wp:featuredmedia":[{"embeddable":true,"href":"https:\/\/tnh1.audiencelabs.com.br\/wp-json\/wp\/v2\/media\/2731"}],"wp:attachment":[{"href":"https:\/\/tnh1.audiencelabs.com.br\/wp-json\/wp\/v2\/media?parent=22868"}],"wp:term":[{"taxonomy":"category","embeddable":true,"href":"https:\/\/tnh1.audiencelabs.com.br\/wp-json\/wp\/v2\/categories?post=22868"},{"taxonomy":"post_tag","embeddable":true,"href":"https:\/\/tnh1.audiencelabs.com.br\/wp-json\/wp\/v2\/tags?post=22868"}],"curies":[{"name":"wp","href":"https:\/\/api.w.org\/{rel}","templated":true}]}}