{"id":22877,"date":"2026-04-25T07:08:00","date_gmt":"2026-04-25T10:08:00","guid":{"rendered":"https:\/\/tnh1.audiencelabs.com.br\/?p=22877"},"modified":"2026-04-20T17:02:05","modified_gmt":"2026-04-20T20:02:05","slug":"sigmund-freud-psicanalista-nao-ha-necessidade-na-infancia-tao-forte-quanto-a-protecao-de-um-pai","status":"publish","type":"post","link":"https:\/\/tnh1.audiencelabs.com.br\/sigmund-freud-psicanalista-nao-ha-necessidade-na-infancia-tao-forte-quanto-a-protecao-de-um-pai\/","title":{"rendered":"Sigmund Freud, psicanalista: \u201cN\u00e3o h\u00e1 necessidade na inf\u00e2ncia t\u00e3o forte quanto a prote\u00e7\u00e3o de um pai\u201d"},"content":{"rendered":"\n<p>A frase do psicanalista Sigmund Freud \u2014 \u201cN\u00e3o h\u00e1 necessidade na inf\u00e2ncia t\u00e3o forte quanto a prote\u00e7\u00e3o de um pai\u201d \u2014 segue atual e volta a ganhar destaque em debates sobre desenvolvimento emocional e v\u00ednculos familiares. <\/p>\n\n\n\n<p>Mais de um s\u00e9culo ap\u00f3s suas teorias, a ideia de que a inf\u00e2ncia molda a vida adulta continua sendo refer\u00eancia dentro da psican\u00e1lise.<\/p>\n\n\n\n<h2 class=\"wp-block-heading\">Por que a prote\u00e7\u00e3o na inf\u00e2ncia \u00e9 decisiva para a vida adulta<\/h2>\n\n\n\n<p>Para Freud, a prote\u00e7\u00e3o na inf\u00e2ncia vai muito al\u00e9m de cuidados b\u00e1sicos, como alimenta\u00e7\u00e3o e abrigo. Trata-se de uma base emocional que oferece seguran\u00e7a, previsibilidade e confian\u00e7a. \u00c9 a partir dessa estrutura que a crian\u00e7a passa a explorar o mundo com menos medo e mais autonomia.<\/p>\n\n\n\n<p>Na pr\u00e1tica, isso significa que a presen\u00e7a de um adulto confi\u00e1vel \u2014 tradicionalmente associada \u00e0 figura paterna \u2014 ajuda a construir estabilidade ps\u00edquica. No entanto, especialistas destacam que essa fun\u00e7\u00e3o n\u00e3o precisa ser exercida necessariamente pelo pai biol\u00f3gico. Pode ser representada por av\u00f4s, tios, padrastos ou qualquer adulto que ofere\u00e7a suporte, limites e acolhimento.<\/p>\n\n\n\n<p>A aus\u00eancia dessa refer\u00eancia, por outro lado, pode gerar impactos duradouros. Estudos na \u00e1rea indicam que crian\u00e7as sem uma base afetiva s\u00f3lida podem apresentar maior inseguran\u00e7a, dificuldade em criar v\u00ednculos e desafios na regula\u00e7\u00e3o emocional ao longo da vida. Em alguns casos, isso tamb\u00e9m se reflete em comportamentos impulsivos ou maior vulnerabilidade emocional.<\/p>\n\n\n\n<p>A teoria freudiana refor\u00e7a que as experi\u00eancias da inf\u00e2ncia n\u00e3o desaparecem com o tempo \u2014 elas se integram \u00e0 personalidade. Por isso, o cuidado emocional nos primeiros anos n\u00e3o \u00e9 apenas uma fase importante, mas um fator determinante para o equil\u00edbrio na vida adulta.<\/p>\n\n\n\n<p>Nesse contexto, a prote\u00e7\u00e3o defendida por Freud n\u00e3o limita a crian\u00e7a. Pelo contr\u00e1rio: \u00e9 justamente essa seguran\u00e7a que permite crescer, se desenvolver e enfrentar o mundo com mais confian\u00e7a.<\/p>\n\n\n\n<p><\/p>\n","protected":false},"excerpt":{"rendered":"<p>A frase do psicanalista Sigmund Freud \u2014 \u201cN\u00e3o h\u00e1 necessidade na inf\u00e2ncia t\u00e3o forte quanto a prote\u00e7\u00e3o de um pai\u201d \u2014 segue atual e volta a ganhar destaque em debates sobre desenvolvimento emocional e v\u00ednculos familiares. Mais de um s\u00e9culo ap\u00f3s suas teorias, a ideia de que a inf\u00e2ncia molda a vida adulta continua sendo [&hellip;]<\/p>\n","protected":false},"author":7,"featured_media":22878,"comment_status":"open","ping_status":"open","sticky":false,"template":"","format":"standard","meta":{"jnews-multi-image_gallery":[],"jnews_single_post":{"format":"standard"},"jnews_primary_category":[],"jnews_social_meta":[],"jnews_post_split":[],"footnotes":""},"categories":[1],"tags":[],"class_list":["post-22877","post","type-post","status-publish","format-standard","has-post-thumbnail","hentry","category-geral"],"_links":{"self":[{"href":"https:\/\/tnh1.audiencelabs.com.br\/wp-json\/wp\/v2\/posts\/22877","targetHints":{"allow":["GET"]}}],"collection":[{"href":"https:\/\/tnh1.audiencelabs.com.br\/wp-json\/wp\/v2\/posts"}],"about":[{"href":"https:\/\/tnh1.audiencelabs.com.br\/wp-json\/wp\/v2\/types\/post"}],"author":[{"embeddable":true,"href":"https:\/\/tnh1.audiencelabs.com.br\/wp-json\/wp\/v2\/users\/7"}],"replies":[{"embeddable":true,"href":"https:\/\/tnh1.audiencelabs.com.br\/wp-json\/wp\/v2\/comments?post=22877"}],"version-history":[{"count":2,"href":"https:\/\/tnh1.audiencelabs.com.br\/wp-json\/wp\/v2\/posts\/22877\/revisions"}],"predecessor-version":[{"id":23063,"href":"https:\/\/tnh1.audiencelabs.com.br\/wp-json\/wp\/v2\/posts\/22877\/revisions\/23063"}],"wp:featuredmedia":[{"embeddable":true,"href":"https:\/\/tnh1.audiencelabs.com.br\/wp-json\/wp\/v2\/media\/22878"}],"wp:attachment":[{"href":"https:\/\/tnh1.audiencelabs.com.br\/wp-json\/wp\/v2\/media?parent=22877"}],"wp:term":[{"taxonomy":"category","embeddable":true,"href":"https:\/\/tnh1.audiencelabs.com.br\/wp-json\/wp\/v2\/categories?post=22877"},{"taxonomy":"post_tag","embeddable":true,"href":"https:\/\/tnh1.audiencelabs.com.br\/wp-json\/wp\/v2\/tags?post=22877"}],"curies":[{"name":"wp","href":"https:\/\/api.w.org\/{rel}","templated":true}]}}