{"id":22883,"date":"2026-04-25T08:02:00","date_gmt":"2026-04-25T11:02:00","guid":{"rendered":"https:\/\/tnh1.audiencelabs.com.br\/?p=22883"},"modified":"2026-04-20T17:14:19","modified_gmt":"2026-04-20T20:14:19","slug":"ouro-negro-a-fruta-pouco-conhecida-repleta-de-antioxidantes-que-produz-colageno-e-fortalece-os-ossos","status":"publish","type":"post","link":"https:\/\/tnh1.audiencelabs.com.br\/ouro-negro-a-fruta-pouco-conhecida-repleta-de-antioxidantes-que-produz-colageno-e-fortalece-os-ossos\/","title":{"rendered":"Ouro negro: a fruta pouco conhecida repleta de antioxidantes que produz col\u00e1geno e fortalece os ossos"},"content":{"rendered":"\n<p>Conhecida por muitos como \u201couro negro\u201d da alimenta\u00e7\u00e3o saud\u00e1vel, a ameixa seca ainda \u00e9 pouco consumida no dia a dia \u2014 mas vem ganhando espa\u00e7o por seus benef\u00edcios nutricionais. <\/p>\n\n\n\n<p>Rica em antioxidantes, fibras e minerais, ela se destaca por ajudar na produ\u00e7\u00e3o de col\u00e1geno e no fortalecimento dos ossos, especialmente a partir dos 40 anos.<\/p>\n\n\n\n<h2 class=\"wp-block-heading\">Por que a ameixa seca virou aliada da sa\u00fade dos ossos e da pele<\/h2>\n\n\n\n<p>Apesar de discreta nas prateleiras, a ameixa seca concentra compostos importantes para o organismo. Entre eles, os polifen\u00f3is \u2014 antioxidantes que combatem os radicais livres e ajudam a reduzir inflama\u00e7\u00f5es no corpo. Esse efeito contribui diretamente para a prote\u00e7\u00e3o celular e para o envelhecimento saud\u00e1vel.<\/p>\n\n\n\n<p>Outro ponto de destaque \u00e9 a presen\u00e7a de vitamina K, pot\u00e1ssio, magn\u00e9sio e f\u00f3sforo, nutrientes essenciais para a sa\u00fade \u00f3ssea. Esses elementos auxiliam na manuten\u00e7\u00e3o da densidade dos ossos, sendo especialmente relevantes para prevenir problemas como a osteoporose.<\/p>\n\n\n\n<p>Al\u00e9m disso, a fruta tamb\u00e9m est\u00e1 associada \u00e0 produ\u00e7\u00e3o de col\u00e1geno, prote\u00edna fundamental para a firmeza da pele e das articula\u00e7\u00f5es. Isso acontece porque seus nutrientes ajudam a preservar estruturas do organismo que naturalmente se desgastam com o tempo.<\/p>\n\n\n\n<p>No campo digestivo, a ameixa seca \u00e9 uma das campe\u00e3s. Rica em fibras sol\u00faveis, como a pectina, ela contribui para o bom funcionamento do intestino e ajuda a controlar os n\u00edveis de a\u00e7\u00facar no sangue, evitando picos de glicose.<\/p>\n\n\n\n<p>Com baixo \u00edndice glic\u00eamico e cerca de 20 calorias por unidade, o alimento tamb\u00e9m pode ser uma op\u00e7\u00e3o pr\u00e1tica para lanches intermedi\u00e1rios. Especialistas recomendam o consumo moderado, em torno de 40 gramas por dia.<\/p>\n\n\n\n<p>Vers\u00e1til, a ameixa seca pode ser inclu\u00edda em iogurtes, saladas, pratos agridoces ou at\u00e9 sobremesas.<\/p>\n","protected":false},"excerpt":{"rendered":"<p>Conhecida por muitos como \u201couro negro\u201d da alimenta\u00e7\u00e3o saud\u00e1vel, a ameixa seca ainda \u00e9 pouco consumida no dia a dia \u2014 mas vem ganhando espa\u00e7o por seus benef\u00edcios nutricionais. Rica em antioxidantes, fibras e minerais, ela se destaca por ajudar na produ\u00e7\u00e3o de col\u00e1geno e no fortalecimento dos ossos, especialmente a partir dos 40 anos. [&hellip;]<\/p>\n","protected":false},"author":7,"featured_media":22884,"comment_status":"open","ping_status":"open","sticky":false,"template":"","format":"standard","meta":{"jnews-multi-image_gallery":[],"jnews_single_post":{"format":"standard"},"jnews_primary_category":[],"jnews_social_meta":[],"jnews_post_split":[],"footnotes":""},"categories":[1],"tags":[],"class_list":["post-22883","post","type-post","status-publish","format-standard","has-post-thumbnail","hentry","category-geral"],"_links":{"self":[{"href":"https:\/\/tnh1.audiencelabs.com.br\/wp-json\/wp\/v2\/posts\/22883","targetHints":{"allow":["GET"]}}],"collection":[{"href":"https:\/\/tnh1.audiencelabs.com.br\/wp-json\/wp\/v2\/posts"}],"about":[{"href":"https:\/\/tnh1.audiencelabs.com.br\/wp-json\/wp\/v2\/types\/post"}],"author":[{"embeddable":true,"href":"https:\/\/tnh1.audiencelabs.com.br\/wp-json\/wp\/v2\/users\/7"}],"replies":[{"embeddable":true,"href":"https:\/\/tnh1.audiencelabs.com.br\/wp-json\/wp\/v2\/comments?post=22883"}],"version-history":[{"count":2,"href":"https:\/\/tnh1.audiencelabs.com.br\/wp-json\/wp\/v2\/posts\/22883\/revisions"}],"predecessor-version":[{"id":23065,"href":"https:\/\/tnh1.audiencelabs.com.br\/wp-json\/wp\/v2\/posts\/22883\/revisions\/23065"}],"wp:featuredmedia":[{"embeddable":true,"href":"https:\/\/tnh1.audiencelabs.com.br\/wp-json\/wp\/v2\/media\/22884"}],"wp:attachment":[{"href":"https:\/\/tnh1.audiencelabs.com.br\/wp-json\/wp\/v2\/media?parent=22883"}],"wp:term":[{"taxonomy":"category","embeddable":true,"href":"https:\/\/tnh1.audiencelabs.com.br\/wp-json\/wp\/v2\/categories?post=22883"},{"taxonomy":"post_tag","embeddable":true,"href":"https:\/\/tnh1.audiencelabs.com.br\/wp-json\/wp\/v2\/tags?post=22883"}],"curies":[{"name":"wp","href":"https:\/\/api.w.org\/{rel}","templated":true}]}}