{"id":23161,"date":"2026-05-01T08:31:00","date_gmt":"2026-05-01T11:31:00","guid":{"rendered":"https:\/\/tnh1.audiencelabs.com.br\/?p=23161"},"modified":"2026-04-23T11:59:24","modified_gmt":"2026-04-23T14:59:24","slug":"apos-2026-novo-valor-do-salario-minimo-pode-ultrapassar-r-2-mil","status":"publish","type":"post","link":"https:\/\/tnh1.audiencelabs.com.br\/apos-2026-novo-valor-do-salario-minimo-pode-ultrapassar-r-2-mil\/","title":{"rendered":"Ap\u00f3s 2026, novo valor do sal\u00e1rio m\u00ednimo pode ultrapassar R$ 2 mil"},"content":{"rendered":"\n<p>O governo federal do Brasil pretende aumentar o <strong>sal\u00e1rio m\u00ednimo nacional. <\/strong>De acordo com o Projeto de Lei de Diretrizes Or\u00e7ament\u00e1rias (PLDO) para 2027, enviado ao Congresso Nacional em 2026, o plano \u00e9 que o sal\u00e1rio atinja mais de <strong>R$ 2 mil <\/strong>at\u00e9 2030, frente aos atuais R$ 1.621,00. O objetivo \u00e9 ajustar o sal\u00e1rio \u00e0s necessidades dos trabalhadores.<\/p>\n\n\n\n<p>A estrat\u00e9gia prev\u00ea um aumento de 5,92% em 2027, elevando o sal\u00e1rio para R$ 1.717,00. Este acr\u00e9scimo deve seguir o \u00cdndice Nacional de Pre\u00e7os ao Consumidor (INPC) e o crescimento do Produto Interno Bruto (PIB). No entanto, a implementa\u00e7\u00e3o depende da aprova\u00e7\u00e3o do Congresso.<\/p>\n\n\n\n<h2 class=\"wp-block-heading\">Caminho para o sal\u00e1rio de R$ 2 mil<\/h2>\n\n\n\n<p>Ap\u00f3s 2026, o governo projeta que o sal\u00e1rio m\u00ednimo chegue a R$ 1.812,00 em 2028, R$ 1.913,00 em 2029 e R$ 2.020,00 em 2030. Espera-se que esse aumento ben\u00e9fico fortale\u00e7a o poder de compra dos trabalhadores.<\/p>\n\n\n\n<p>O atual sal\u00e1rio m\u00ednimo, segundo estudos, n\u00e3o cobre plenamente as necessidades b\u00e1sicas dos trabalhadores brasileiros. Ele serve como refer\u00eancia para aposentadorias e benef\u00edcios sociais. Os ajustes propostos pretendem aliviar essa situa\u00e7\u00e3o, refletindo em melhorias na economia do pa\u00eds.<\/p>\n\n\n\n<p>O plano de aumento do sal\u00e1rio m\u00ednimo no Brasil depende agora das decis\u00f5es do Congresso Nacional. A discuss\u00e3o no Congresso ser\u00e1 crucial nas pr\u00f3ximas etapas para confirmar e concretizar esses aumentos projetados.<\/p>\n\n\n\n<p>O sal\u00e1rio m\u00ednimo no Brasil foi institu\u00eddo por Get\u00falio Vargas em 1\u00ba de maio de 1940, via decreto-lei, com o objetivo de garantir necessidades b\u00e1sicas como alimenta\u00e7\u00e3o e moradia, inicialmente com valores regionais.<\/p>\n","protected":false},"excerpt":{"rendered":"<p>O governo federal do Brasil pretende aumentar o sal\u00e1rio m\u00ednimo nacional. <\/p>\n","protected":false},"author":8,"featured_media":1192,"comment_status":"open","ping_status":"open","sticky":false,"template":"","format":"standard","meta":{"jnews-multi-image_gallery":[],"jnews_single_post":{"format":"standard"},"jnews_primary_category":[],"jnews_social_meta":[],"jnews_post_split":[],"footnotes":""},"categories":[1],"tags":[],"class_list":["post-23161","post","type-post","status-publish","format-standard","has-post-thumbnail","hentry","category-geral"],"_links":{"self":[{"href":"https:\/\/tnh1.audiencelabs.com.br\/wp-json\/wp\/v2\/posts\/23161","targetHints":{"allow":["GET"]}}],"collection":[{"href":"https:\/\/tnh1.audiencelabs.com.br\/wp-json\/wp\/v2\/posts"}],"about":[{"href":"https:\/\/tnh1.audiencelabs.com.br\/wp-json\/wp\/v2\/types\/post"}],"author":[{"embeddable":true,"href":"https:\/\/tnh1.audiencelabs.com.br\/wp-json\/wp\/v2\/users\/8"}],"replies":[{"embeddable":true,"href":"https:\/\/tnh1.audiencelabs.com.br\/wp-json\/wp\/v2\/comments?post=23161"}],"version-history":[{"count":3,"href":"https:\/\/tnh1.audiencelabs.com.br\/wp-json\/wp\/v2\/posts\/23161\/revisions"}],"predecessor-version":[{"id":23248,"href":"https:\/\/tnh1.audiencelabs.com.br\/wp-json\/wp\/v2\/posts\/23161\/revisions\/23248"}],"wp:featuredmedia":[{"embeddable":true,"href":"https:\/\/tnh1.audiencelabs.com.br\/wp-json\/wp\/v2\/media\/1192"}],"wp:attachment":[{"href":"https:\/\/tnh1.audiencelabs.com.br\/wp-json\/wp\/v2\/media?parent=23161"}],"wp:term":[{"taxonomy":"category","embeddable":true,"href":"https:\/\/tnh1.audiencelabs.com.br\/wp-json\/wp\/v2\/categories?post=23161"},{"taxonomy":"post_tag","embeddable":true,"href":"https:\/\/tnh1.audiencelabs.com.br\/wp-json\/wp\/v2\/tags?post=23161"}],"curies":[{"name":"wp","href":"https:\/\/api.w.org\/{rel}","templated":true}]}}