{"id":23183,"date":"2026-04-26T08:37:00","date_gmt":"2026-04-26T11:37:00","guid":{"rendered":"https:\/\/tnh1.audiencelabs.com.br\/?p=23183"},"modified":"2026-04-23T12:40:00","modified_gmt":"2026-04-23T15:40:00","slug":"china-agora-sera-dona-de-uma-parte-do-programa-fantastico-na-globo","status":"publish","type":"post","link":"https:\/\/tnh1.audiencelabs.com.br\/china-agora-sera-dona-de-uma-parte-do-programa-fantastico-na-globo\/","title":{"rendered":"China agora ser\u00e1 &#8220;dona&#8221; de uma parte do programa Fant\u00e1stico, na Globo"},"content":{"rendered":"\n<p>Mantendo a posi\u00e7\u00e3o de maior pot\u00eancia manufatureira do mundo h\u00e1 pelo menos 16 anos, <strong>a China<\/strong> tem despertado cada vez mais aten\u00e7\u00e3o global, especialmente entre aqueles que buscam entender como um pa\u00eds com origens rurais conseguiu evoluir tanto.<\/p>\n\n\n\n<p>E vale destacar que os brasileiros ter\u00e3o a chance de conhecer toda a trajet\u00f3ria da na\u00e7\u00e3o \u00e0 fundo, j\u00e1 que a partir desse domingo (26), o programa <em>Fant\u00e1stico<\/em>, que integra a programa\u00e7\u00e3o noturna da TV Globo, <strong>abordar\u00e1 a hist\u00f3ria da China em seu mais novo quadro<\/strong>.<\/p>\n\n\n\n<p>Intitulada de <strong>\u201cEntre Dois Mundos\u201d<\/strong>, a nova produ\u00e7\u00e3o, que ser\u00e1 comandada por Felipe Santana, abordar\u00e1 a disputa entre o pa\u00eds asi\u00e1tico e os Estados Unidos pelo pioneirismo tecnol\u00f3gico, bem como os caminhos trilhados para alcan\u00e7ar esse patamar.<\/p>\n\n\n\n<p>Ao longo de seis epis\u00f3dios, o quadro deve<strong> revisitar todas as estrat\u00e9gias adotadas pela China <\/strong>ao longo de quatro d\u00e9cadas que permitiram que o pa\u00eds pudesse dar um verdadeiro salto como pot\u00eancia econ\u00f4mica global.<\/p>\n\n\n\n<p>Al\u00e9m disso, \u201cEntre Dois Mundos\u201d ainda pretende <strong>apresentar as modernidades que a na\u00e7\u00e3o possui atualmente<\/strong>, comparando metr\u00f3poles como Xangai e Nova York para revelar mais sobre a realidade atual da China.<\/p>\n\n\n\n<h2 class=\"wp-block-heading\">China ganha prest\u00edgio na Am\u00e9rica Latina, revela pesquisa<\/h2>\n\n\n\n<p>Desenvolvida pela funda\u00e7\u00e3o alem\u00e3 Friedrich-Ebert-Stiftung em parceria com o grupo Di\u00e1logo e Paz, uma pesquisa recente revelou que, embora muitos latino-americanos tenham passado a perceber os EUA e pa\u00edses da Europa como hostis, a China <strong>registrou uma melhora de imagem no territ\u00f3rio<\/strong>.<\/p>\n\n\n\n<p>Os resultados derivaram do depoimento de mais de 12 mil pessoas com oito ou mais anos de escolaridade em dez pa\u00edses da Am\u00e9rica Latina, incluindo o Brasil. Apesar de ainda estar em quinto lugar como pa\u00eds de prefer\u00eancia, a na\u00e7\u00e3o asi\u00e1tica registrou <strong>um aumento de 6 pontos percentuais<\/strong> desde a \u00faltima pesquisa.<\/p>\n\n\n\n<p>J\u00e1 em \u00e1reas como educa\u00e7\u00e3o, ci\u00eancia, tecnologia e intelig\u00eancia artificial, a China despontou como uma das principais lideran\u00e7as, o que ajuda a explicar a redu\u00e7\u00e3o significativa da sua imagem como amea\u00e7a entre os latino-americanos.<\/p>\n","protected":false},"excerpt":{"rendered":"<p>Mantendo a posi\u00e7\u00e3o de maior pot\u00eancia manufatureira do mundo h\u00e1 pelo menos 16 anos, a China tem despertado cada vez mais aten\u00e7\u00e3o global, especialmente entre aqueles que buscam entender como um pa\u00eds com origens rurais conseguiu evoluir tanto. E vale destacar que os brasileiros ter\u00e3o a chance de conhecer toda a trajet\u00f3ria da na\u00e7\u00e3o \u00e0 [&hellip;]<\/p>\n","protected":false},"author":19,"featured_media":23184,"comment_status":"open","ping_status":"open","sticky":false,"template":"","format":"standard","meta":{"jnews-multi-image_gallery":[],"jnews_single_post":{"format":"standard"},"jnews_primary_category":[],"jnews_social_meta":[],"jnews_post_split":[],"footnotes":""},"categories":[1],"tags":[],"class_list":["post-23183","post","type-post","status-publish","format-standard","has-post-thumbnail","hentry","category-geral"],"_links":{"self":[{"href":"https:\/\/tnh1.audiencelabs.com.br\/wp-json\/wp\/v2\/posts\/23183","targetHints":{"allow":["GET"]}}],"collection":[{"href":"https:\/\/tnh1.audiencelabs.com.br\/wp-json\/wp\/v2\/posts"}],"about":[{"href":"https:\/\/tnh1.audiencelabs.com.br\/wp-json\/wp\/v2\/types\/post"}],"author":[{"embeddable":true,"href":"https:\/\/tnh1.audiencelabs.com.br\/wp-json\/wp\/v2\/users\/19"}],"replies":[{"embeddable":true,"href":"https:\/\/tnh1.audiencelabs.com.br\/wp-json\/wp\/v2\/comments?post=23183"}],"version-history":[{"count":2,"href":"https:\/\/tnh1.audiencelabs.com.br\/wp-json\/wp\/v2\/posts\/23183\/revisions"}],"predecessor-version":[{"id":23256,"href":"https:\/\/tnh1.audiencelabs.com.br\/wp-json\/wp\/v2\/posts\/23183\/revisions\/23256"}],"wp:featuredmedia":[{"embeddable":true,"href":"https:\/\/tnh1.audiencelabs.com.br\/wp-json\/wp\/v2\/media\/23184"}],"wp:attachment":[{"href":"https:\/\/tnh1.audiencelabs.com.br\/wp-json\/wp\/v2\/media?parent=23183"}],"wp:term":[{"taxonomy":"category","embeddable":true,"href":"https:\/\/tnh1.audiencelabs.com.br\/wp-json\/wp\/v2\/categories?post=23183"},{"taxonomy":"post_tag","embeddable":true,"href":"https:\/\/tnh1.audiencelabs.com.br\/wp-json\/wp\/v2\/tags?post=23183"}],"curies":[{"name":"wp","href":"https:\/\/api.w.org\/{rel}","templated":true}]}}