{"id":23228,"date":"2026-04-25T21:04:00","date_gmt":"2026-04-26T00:04:00","guid":{"rendered":"https:\/\/tnh1.audiencelabs.com.br\/?p=23228"},"modified":"2026-04-23T14:53:48","modified_gmt":"2026-04-23T17:53:48","slug":"especialistas-analisaram-e-descobriram-algo-curioso-sobre-quem-faz-amigos-no-trabalho","status":"publish","type":"post","link":"https:\/\/tnh1.audiencelabs.com.br\/especialistas-analisaram-e-descobriram-algo-curioso-sobre-quem-faz-amigos-no-trabalho\/","title":{"rendered":"Especialistas analisaram e descobriram algo curioso sobre quem faz amigos no trabalho"},"content":{"rendered":"\n<p>Fazer amigos no trabalho ainda \u00e9 visto por muita gente como falta de profissionalismo ou at\u00e9 mesmo motivo de desconfian\u00e7a j\u00e1 que o ambiente de trabalho \u00e9 encarado como competitivo e, consequentemente, local de falsas amizades.<\/p>\n\n\n\n<p>Mas a &#8220;amizade do trabalho&#8221; foi o foco de uma an\u00e1lise acad\u00eamica de longo prazo e, surpreendentemente, o resultado apontou exatamente o contr\u00e1rio do que muitos pensam sobre esse tipo de coleguismo.<\/p>\n\n\n\n<h2 class=\"wp-block-heading\">O que muda quando amizade e trabalho se misturam<\/h2>\n\n\n\n<p>O estudo, conduzido pelo professor Paul Ingram, da Columbia Business School, e publicado na Harvard Business Review, investigou como rela\u00e7\u00f5es pessoais impactam o desempenho profissional. A conclus\u00e3o \u00e9 direta: quem constr\u00f3i amizades no ambiente corporativo tende a ir mais longe na carreira.<\/p>\n\n\n\n<p>Em um experimento com cerca de 1.500 executivos, os participantes foram convidados a desenhar dois c\u00edrculos: um representando \u201camigos\u201d e outro, sua \u201crede profissional\u201d. O resultado revelou um padr\u00e3o curioso. Aqueles que apresentavam maior sobreposi\u00e7\u00e3o entre os dois grupos \u2014 ou seja, que viam colegas tamb\u00e9m como amigos \u2014 tinham redes mais amplas, maior satisfa\u00e7\u00e3o no trabalho e rendimentos mais altos.<\/p>\n\n\n\n<p>Segundo Ingram, isso acontece porque a amizade facilita a troca de informa\u00e7\u00f5es, acelera o aprendizado e fortalece a confian\u00e7a. Em um ambiente onde decis\u00f5es r\u00e1pidas e colabora\u00e7\u00e3o s\u00e3o essenciais, esses fatores fazem diferen\u00e7a direta no desempenho.<\/p>\n\n\n\n<p>O estudo tamb\u00e9m derruba um mito comum: o de que misturar vida pessoal e profissional gera desgaste emocional. Na pr\u00e1tica, os dados mostram o oposto. Profissionais que adotam uma vis\u00e3o mais \u201cintegrada\u201d \u2014 ou seja, que n\u00e3o separam rigidamente essas duas esferas \u2014 relatam mais bem-estar, seguran\u00e7a psicol\u00f3gica e conex\u00e3o com o trabalho.<\/p>\n\n\n\n<p>Outro ponto relevante \u00e9 como essas rela\u00e7\u00f5es come\u00e7am. Interesses em comum, valores compartilhados e at\u00e9 afinidades fora do expediente costumam ser o ponto de partida. Com o tempo, a parceria profissional sustenta o v\u00ednculo.<\/p>\n\n\n\n<p><\/p>\n","protected":false},"excerpt":{"rendered":"<p>Fazer amigos no trabalho ainda \u00e9 visto por muita gente como falta de profissionalismo ou at\u00e9 mesmo motivo de desconfian\u00e7a j\u00e1 que o ambiente de trabalho \u00e9 encarado como competitivo e, consequentemente, local de falsas amizades. Mas a &#8220;amizade do trabalho&#8221; foi o foco de uma an\u00e1lise acad\u00eamica de longo prazo e, surpreendentemente, o resultado [&hellip;]<\/p>\n","protected":false},"author":7,"featured_media":23229,"comment_status":"open","ping_status":"open","sticky":false,"template":"","format":"standard","meta":{"jnews-multi-image_gallery":[],"jnews_single_post":{"format":"standard"},"jnews_primary_category":[],"jnews_social_meta":[],"jnews_post_split":[],"footnotes":""},"categories":[1],"tags":[],"class_list":["post-23228","post","type-post","status-publish","format-standard","has-post-thumbnail","hentry","category-geral"],"_links":{"self":[{"href":"https:\/\/tnh1.audiencelabs.com.br\/wp-json\/wp\/v2\/posts\/23228","targetHints":{"allow":["GET"]}}],"collection":[{"href":"https:\/\/tnh1.audiencelabs.com.br\/wp-json\/wp\/v2\/posts"}],"about":[{"href":"https:\/\/tnh1.audiencelabs.com.br\/wp-json\/wp\/v2\/types\/post"}],"author":[{"embeddable":true,"href":"https:\/\/tnh1.audiencelabs.com.br\/wp-json\/wp\/v2\/users\/7"}],"replies":[{"embeddable":true,"href":"https:\/\/tnh1.audiencelabs.com.br\/wp-json\/wp\/v2\/comments?post=23228"}],"version-history":[{"count":2,"href":"https:\/\/tnh1.audiencelabs.com.br\/wp-json\/wp\/v2\/posts\/23228\/revisions"}],"predecessor-version":[{"id":23247,"href":"https:\/\/tnh1.audiencelabs.com.br\/wp-json\/wp\/v2\/posts\/23228\/revisions\/23247"}],"wp:featuredmedia":[{"embeddable":true,"href":"https:\/\/tnh1.audiencelabs.com.br\/wp-json\/wp\/v2\/media\/23229"}],"wp:attachment":[{"href":"https:\/\/tnh1.audiencelabs.com.br\/wp-json\/wp\/v2\/media?parent=23228"}],"wp:term":[{"taxonomy":"category","embeddable":true,"href":"https:\/\/tnh1.audiencelabs.com.br\/wp-json\/wp\/v2\/categories?post=23228"},{"taxonomy":"post_tag","embeddable":true,"href":"https:\/\/tnh1.audiencelabs.com.br\/wp-json\/wp\/v2\/tags?post=23228"}],"curies":[{"name":"wp","href":"https:\/\/api.w.org\/{rel}","templated":true}]}}