{"id":23276,"date":"2026-04-26T14:08:00","date_gmt":"2026-04-26T17:08:00","guid":{"rendered":"https:\/\/tnh1.audiencelabs.com.br\/?p=23276"},"modified":"2026-04-24T09:01:39","modified_gmt":"2026-04-24T12:01:39","slug":"projeto-pode-banir-quarto-de-empregada-no-brasil-e-forcar-mudancas-em-imoveis","status":"publish","type":"post","link":"https:\/\/tnh1.audiencelabs.com.br\/projeto-pode-banir-quarto-de-empregada-no-brasil-e-forcar-mudancas-em-imoveis\/","title":{"rendered":"Projeto pode banir \u201cquarto de empregada\u201d no Brasil e for\u00e7ar mudan\u00e7as em im\u00f3veis"},"content":{"rendered":"\n<p>A Comiss\u00e3o de Trabalho da <strong>C\u00e2mara dos Deputados<\/strong> aprovou, em 22 de abril, um projeto de lei que busca modernizar a linguagem em projetos arquitet\u00f4nicos no Brasil. O Projeto de Lei Complementar 18\/25 prop\u00f5e a elimina\u00e7\u00e3o de termos discriminat\u00f3rios presentes nas plantas e documentos arquitet\u00f4nicos.<\/p>\n\n\n\n<p>O projeto visa modificar a Lei Complementar 150\/15 para evitar terminologias que remetam a pr\u00e1ticas de domina\u00e7\u00e3o e desigualdade. Ao eliminar express\u00f5es como<strong> &#8220;quarto de empregada&#8221;, <\/strong>a proposta se tornar\u00e1 obrigat\u00f3ria para todos os projetos arquitet\u00f4nicos no pa\u00eds, provocando mudan\u00e7as em im\u00f3veis.<\/p>\n\n\n\n<p>Assim, a nova norma afetar\u00e1 tanto o setor p\u00fablico quanto o setor privado, promovendo uma linguagem mais equitativa.<\/p>\n\n\n\n<p>A atualiza\u00e7\u00e3o vai al\u00e9m da proibi\u00e7\u00e3o de termos ofensivos. A proposta incorpora medidas que abrangem documentos e materiais publicit\u00e1rios, promovendo uma transforma\u00e7\u00e3o cultural mais ampla.<\/p>\n\n\n\n<h2 class=\"wp-block-heading\">Progresso no Processo Legislativo<\/h2>\n\n\n\n<p>Para se tornar lei, o projeto ainda precisa passar pela Comiss\u00e3o de Constitui\u00e7\u00e3o e Justi\u00e7a e de Cidadania. Em seguida, ser\u00e1 votado no Plen\u00e1rio da C\u00e2mara dos Deputados.<\/p>\n\n\n\n<p>Ap\u00f3s essas etapas, o projeto ser\u00e1 encaminhado ao Senado para posterior san\u00e7\u00e3o presidencial. Este caminho institucional visa assegurar que a legisla\u00e7\u00e3o atenda aos padr\u00f5es legais e sociais.<\/p>\n\n\n\n<p>A aprova\u00e7\u00e3o do Projeto de Lei Complementar 18\/25 na Comiss\u00e3o de Trabalho marca um passo concreto. O projeto continua a passar por etapas legislativas essenciais para se tornar uma realidade aplicada em todo o pa\u00eds.&nbsp;<\/p>\n","protected":false},"excerpt":{"rendered":"<p>Nova norma afetar\u00e1 tanto o setor p\u00fablico quanto o setor privado.<\/p>\n","protected":false},"author":8,"featured_media":23278,"comment_status":"open","ping_status":"open","sticky":false,"template":"","format":"standard","meta":{"jnews-multi-image_gallery":[],"jnews_single_post":{"format":"standard"},"jnews_primary_category":[],"jnews_social_meta":[],"jnews_post_split":[],"footnotes":""},"categories":[1],"tags":[],"class_list":["post-23276","post","type-post","status-publish","format-standard","has-post-thumbnail","hentry","category-geral"],"_links":{"self":[{"href":"https:\/\/tnh1.audiencelabs.com.br\/wp-json\/wp\/v2\/posts\/23276","targetHints":{"allow":["GET"]}}],"collection":[{"href":"https:\/\/tnh1.audiencelabs.com.br\/wp-json\/wp\/v2\/posts"}],"about":[{"href":"https:\/\/tnh1.audiencelabs.com.br\/wp-json\/wp\/v2\/types\/post"}],"author":[{"embeddable":true,"href":"https:\/\/tnh1.audiencelabs.com.br\/wp-json\/wp\/v2\/users\/8"}],"replies":[{"embeddable":true,"href":"https:\/\/tnh1.audiencelabs.com.br\/wp-json\/wp\/v2\/comments?post=23276"}],"version-history":[{"count":4,"href":"https:\/\/tnh1.audiencelabs.com.br\/wp-json\/wp\/v2\/posts\/23276\/revisions"}],"predecessor-version":[{"id":23470,"href":"https:\/\/tnh1.audiencelabs.com.br\/wp-json\/wp\/v2\/posts\/23276\/revisions\/23470"}],"wp:featuredmedia":[{"embeddable":true,"href":"https:\/\/tnh1.audiencelabs.com.br\/wp-json\/wp\/v2\/media\/23278"}],"wp:attachment":[{"href":"https:\/\/tnh1.audiencelabs.com.br\/wp-json\/wp\/v2\/media?parent=23276"}],"wp:term":[{"taxonomy":"category","embeddable":true,"href":"https:\/\/tnh1.audiencelabs.com.br\/wp-json\/wp\/v2\/categories?post=23276"},{"taxonomy":"post_tag","embeddable":true,"href":"https:\/\/tnh1.audiencelabs.com.br\/wp-json\/wp\/v2\/tags?post=23276"}],"curies":[{"name":"wp","href":"https:\/\/api.w.org\/{rel}","templated":true}]}}