{"id":23286,"date":"2026-04-24T22:02:00","date_gmt":"2026-04-25T01:02:00","guid":{"rendered":"https:\/\/tnh1.audiencelabs.com.br\/?p=23286"},"modified":"2026-04-24T16:51:49","modified_gmt":"2026-04-24T19:51:49","slug":"cuca-toma-decisao-e-ja-avisou-todo-mundo-neymar-esta-fora-do-santos","status":"publish","type":"post","link":"https:\/\/tnh1.audiencelabs.com.br\/cuca-toma-decisao-e-ja-avisou-todo-mundo-neymar-esta-fora-do-santos\/","title":{"rendered":"Cuca toma decis\u00e3o e j\u00e1 avisou todo mundo: Neymar est\u00e1 fora do Santos"},"content":{"rendered":"\n<p>Na quarta-feira, 22, o Santos entrou em campo para jogar contra o Coritiba, na Vila Belmiro, em partida v\u00e1lida pela quinta fase da Copa do Brasil. O duelo terminou empatado em 0 a 0. Ap\u00f3s o jogo, o t\u00e9cnico santista, Cuca, revelou que j\u00e1 havia tomado uma decis\u00e3o em rela\u00e7\u00e3o ao Neymar para o pr\u00f3ximo compromisso da equipe: o jogador est\u00e1 fora do Peixe no confronto diante do Bahia, no Campeonato Brasileiro.\u00a0<\/p>\n\n\n\n<p>A partida acontece no s\u00e1bado, 25. Segundo o treinador, Neymar tem alcan\u00e7ado uma m\u00e9dia boa em arranques, dist\u00e2ncia e em velocidade. No entanto, no jogo contra o Coritiba ele esteve um pouco abaixo do que vinha apresentando. Entre os motivos apontados pelo comandante est\u00e3o a sequ\u00eancia de jogos e carga emocional.&nbsp;<\/p>\n\n\n\n<p>Levando isso em considera\u00e7\u00e3o e tamb\u00e9m sabendo que no meio de semana h\u00e1 um compromisso importante na Argentina contra o San Lorenzo, pela Copa Sudamericana, ele resolveu poupar o craque, pois o duelo \u00e9 decisivo para o Alvinegro Praiano.<\/p>\n\n\n\n<h2 class=\"wp-block-heading\">Atua\u00e7\u00e3o de Neymar contra o Coritiba<\/h2>\n\n\n\n<p>No jogo contra o Coritiba, o camisa 10 santista n\u00e3o conseguiu desequilibrar. Apesar de ter batido uma falta mandando a bola na trave, o jogador n\u00e3o teve outros lampejos na partida. Al\u00e9m disso, levou um cart\u00e3o amarelo por chutar uma bola com outra rolando.<\/p>\n\n\n\n<h2 class=\"wp-block-heading\">Cuca saiu em defesa de Neymar<\/h2>\n\n\n\n<p>Por todo peso diante de seu nome e expectativa dos torcedores por verem o Neymar dos velhos tempos, que entrega um futebol de maior qualidade e poder de decis\u00e3o, ele vem enfrentando diversas cr\u00edticas da imprensa e torcedores.&nbsp;<\/p>\n\n\n\n<p>Na entrevista coletiva p\u00f3s-jogo, Cuca saiu em defesa do atleta, dizendo que ele vem passando por um momento de turbul\u00eancia junto com o time e que a culpa do mal resultado n\u00e3o \u00e9 apenas do atacante.<\/p>\n\n\n\n<p><\/p>\n","protected":false},"excerpt":{"rendered":"<p>Na quarta-feira, 22, o Santos entrou em campo para jogar contra o Coritiba, na Vila Belmiro, em partida v\u00e1lida pela quinta fase da Copa do Brasil. O duelo terminou empatado em 0 a 0. Ap\u00f3s o jogo, o t\u00e9cnico santista, Cuca, revelou que j\u00e1 havia tomado uma decis\u00e3o em rela\u00e7\u00e3o ao Neymar para o pr\u00f3ximo [&hellip;]<\/p>\n","protected":false},"author":20,"featured_media":23290,"comment_status":"open","ping_status":"open","sticky":false,"template":"","format":"standard","meta":{"jnews-multi-image_gallery":[],"jnews_single_post":{"format":"standard"},"jnews_primary_category":[],"jnews_social_meta":[],"jnews_post_split":[],"footnotes":""},"categories":[1],"tags":[],"class_list":["post-23286","post","type-post","status-publish","format-standard","has-post-thumbnail","hentry","category-geral"],"_links":{"self":[{"href":"https:\/\/tnh1.audiencelabs.com.br\/wp-json\/wp\/v2\/posts\/23286","targetHints":{"allow":["GET"]}}],"collection":[{"href":"https:\/\/tnh1.audiencelabs.com.br\/wp-json\/wp\/v2\/posts"}],"about":[{"href":"https:\/\/tnh1.audiencelabs.com.br\/wp-json\/wp\/v2\/types\/post"}],"author":[{"embeddable":true,"href":"https:\/\/tnh1.audiencelabs.com.br\/wp-json\/wp\/v2\/users\/20"}],"replies":[{"embeddable":true,"href":"https:\/\/tnh1.audiencelabs.com.br\/wp-json\/wp\/v2\/comments?post=23286"}],"version-history":[{"count":3,"href":"https:\/\/tnh1.audiencelabs.com.br\/wp-json\/wp\/v2\/posts\/23286\/revisions"}],"predecessor-version":[{"id":23463,"href":"https:\/\/tnh1.audiencelabs.com.br\/wp-json\/wp\/v2\/posts\/23286\/revisions\/23463"}],"wp:featuredmedia":[{"embeddable":true,"href":"https:\/\/tnh1.audiencelabs.com.br\/wp-json\/wp\/v2\/media\/23290"}],"wp:attachment":[{"href":"https:\/\/tnh1.audiencelabs.com.br\/wp-json\/wp\/v2\/media?parent=23286"}],"wp:term":[{"taxonomy":"category","embeddable":true,"href":"https:\/\/tnh1.audiencelabs.com.br\/wp-json\/wp\/v2\/categories?post=23286"},{"taxonomy":"post_tag","embeddable":true,"href":"https:\/\/tnh1.audiencelabs.com.br\/wp-json\/wp\/v2\/tags?post=23286"}],"curies":[{"name":"wp","href":"https:\/\/api.w.org\/{rel}","templated":true}]}}