{"id":23301,"date":"2026-04-26T19:32:00","date_gmt":"2026-04-26T22:32:00","guid":{"rendered":"https:\/\/tnh1.audiencelabs.com.br\/?p=23301"},"modified":"2026-04-24T10:12:20","modified_gmt":"2026-04-24T13:12:20","slug":"qual-e-a-vantagem-principal-de-todos-os-nascidos-nos-anos-90-e-2000-segundo-a-psicologia","status":"publish","type":"post","link":"https:\/\/tnh1.audiencelabs.com.br\/qual-e-a-vantagem-principal-de-todos-os-nascidos-nos-anos-90-e-2000-segundo-a-psicologia\/","title":{"rendered":"Qual \u00e9 a vantagem principal de todos os nascidos nos anos 90 e 2000, segundo a psicologia"},"content":{"rendered":"\n<p>Existe uma caracter\u00edstica silenciosa que marca quem cresceu nos anos 1990 e in\u00edcio dos anos 2000, e ela n\u00e3o veio da escola, nem de cursos ou treinamentos formais. Segundo uma publica\u00e7\u00e3o do site <a href=\"https:\/\/www.cronista.com\/informacion-gral\/cual-es-la-ventaja-clave-que-tienen-todos-los-nacidos-en-los-anos-90-y-2000-segun-la-psicologia\/\" target=\"_blank\" rel=\"noopener\">El Cronista<\/a>, a psicologia do desenvolvimento aponta que essa gera\u00e7\u00e3o desenvolveu, quase sem perceber, uma habilidade central para a vida adulta: a autorregula\u00e7\u00e3o emocional.<\/p>\n\n\n\n<p>Essa compet\u00eancia foi constru\u00edda no cotidiano, em um per\u00edodo em que o tempo livre era menos estruturado, a supervis\u00e3o era mais limitada e os conflitos precisavam ser resolvidos sem interven\u00e7\u00e3o imediata de adultos. O resultado \u00e9 uma gera\u00e7\u00e3o que aprendeu a lidar melhor com frustra\u00e7\u00f5es e incertezas.<\/p>\n\n\n\n<h2 class=\"wp-block-heading\">O que significa autorregula\u00e7\u00e3o emocional na pr\u00e1tica<\/h2>\n\n\n\n<p>Como apontado por um estudo publicado no peri\u00f3dico de psicologia <a href=\"https:\/\/pepsic.bvsalud.org\/scielo.php?pid=S1677-04712018000300013&amp;script=sci_arttext&amp;\" target=\"_blank\" rel=\"noopener\">PePsic<\/a>, apesar de parecer um conceito abstrato, a autorregula\u00e7\u00e3o emocional tem aplica\u00e7\u00f5es diretas no dia a dia. Trata-se da capacidade de administrar emo\u00e7\u00f5es, manter o controle em situa\u00e7\u00f5es de press\u00e3o e tomar decis\u00f5es mesmo diante de desconforto.<\/p>\n\n\n\n<p>Isso inclui, por exemplo, lidar com frustra\u00e7\u00e3o sem perder a estabilidade, adaptar-se a mudan\u00e7as inesperadas e enfrentar problemas sem depender constantemente de suporte externo. Do ponto de vista t\u00e9cnico, n\u00e3o \u00e9 apenas \u201ccontrolar sentimentos\u201d, mas conseguir process\u00e1-los e agir de forma funcional mesmo em cen\u00e1rios adversos.<\/p>\n\n\n\n<p>Diante disso, destaca-se tamb\u00e9m o papel do erro nesse processo, j\u00e1 que possibilidade de falhar, sentir frustra\u00e7\u00e3o e tentar novamente sem interfer\u00eancia externa foi determinante para o desenvolvimento dessa habilidade, pois as crian\u00e7as tiveram a possibilidade de construir mecanismos pr\u00f3prios para enfrentar dificuldades, o que hoje se traduz em maior resili\u00eancia emocional.<\/p>\n\n\n\n<h2 class=\"wp-block-heading\">Como essa habilidade foi desenvolvida<\/h2>\n\n\n\n<p>O diferencial dessa gera\u00e7\u00e3o est\u00e1 no contexto em que cresceu. A inf\u00e2ncia e adolesc\u00eancia foram marcadas por maior liberdade para explorar, errar e resolver situa\u00e7\u00f5es de forma independente.<\/p>\n\n\n\n<p>Momentos comuns da \u00e9poca, como brincar na rua sem supervis\u00e3o constante, lidar com o pr\u00f3prio tempo livre ou resolver conflitos com amigos, funcionavam como um treinamento cont\u00ednuo de autonomia emocional.<\/p>\n\n\n\n<p>Sem a presen\u00e7a imediata de um adulto para intervir, era necess\u00e1rio testar solu\u00e7\u00f5es, enfrentar erros e aprender com as consequ\u00eancias. Esse processo, repetido ao longo dos anos, fortaleceu a capacidade de lidar com desafios de forma mais equilibrada.<\/p>\n\n\n\n<h2 class=\"wp-block-heading\">Diferen\u00e7a em rela\u00e7\u00e3o \u00e0s gera\u00e7\u00f5es mais novas<\/h2>\n\n\n\n<p>O contraste aparece quando se observa o modelo de cria\u00e7\u00e3o mais recente. Nas \u00faltimas d\u00e9cadas, houve um aumento significativo na supervis\u00e3o e na interven\u00e7\u00e3o dos adultos na rotina das crian\u00e7as.<\/p>\n\n\n\n<p>Embora a inten\u00e7\u00e3o seja proteger, especialistas apontam que o excesso de controle pode reduzir a exposi\u00e7\u00e3o a frustra\u00e7\u00f5es necess\u00e1rias para o desenvolvimento emocional.<\/p>\n\n\n\n<p>Com menos oportunidades de enfrentar problemas de forma independente, parte das gera\u00e7\u00f5es mais novas pode ter mais dificuldade em lidar com press\u00e3o, incerteza e desconforto.<\/p>\n\n\n\n<p><\/p>\n","protected":false},"excerpt":{"rendered":"<p>Existe uma caracter\u00edstica silenciosa que marca quem cresceu nos anos 1990 e in\u00edcio dos anos 2000, e ela n\u00e3o veio da escola, nem de cursos ou treinamentos formais. Segundo uma publica\u00e7\u00e3o do site El Cronista, a psicologia do desenvolvimento aponta que essa gera\u00e7\u00e3o desenvolveu, quase sem perceber, uma habilidade central para a vida adulta: a [&hellip;]<\/p>\n","protected":false},"author":20,"featured_media":23310,"comment_status":"open","ping_status":"open","sticky":false,"template":"","format":"standard","meta":{"jnews-multi-image_gallery":[],"jnews_single_post":{"format":"standard"},"jnews_primary_category":[],"jnews_social_meta":[],"jnews_post_split":[],"footnotes":""},"categories":[1],"tags":[],"class_list":["post-23301","post","type-post","status-publish","format-standard","has-post-thumbnail","hentry","category-geral"],"_links":{"self":[{"href":"https:\/\/tnh1.audiencelabs.com.br\/wp-json\/wp\/v2\/posts\/23301","targetHints":{"allow":["GET"]}}],"collection":[{"href":"https:\/\/tnh1.audiencelabs.com.br\/wp-json\/wp\/v2\/posts"}],"about":[{"href":"https:\/\/tnh1.audiencelabs.com.br\/wp-json\/wp\/v2\/types\/post"}],"author":[{"embeddable":true,"href":"https:\/\/tnh1.audiencelabs.com.br\/wp-json\/wp\/v2\/users\/20"}],"replies":[{"embeddable":true,"href":"https:\/\/tnh1.audiencelabs.com.br\/wp-json\/wp\/v2\/comments?post=23301"}],"version-history":[{"count":2,"href":"https:\/\/tnh1.audiencelabs.com.br\/wp-json\/wp\/v2\/posts\/23301\/revisions"}],"predecessor-version":[{"id":23477,"href":"https:\/\/tnh1.audiencelabs.com.br\/wp-json\/wp\/v2\/posts\/23301\/revisions\/23477"}],"wp:featuredmedia":[{"embeddable":true,"href":"https:\/\/tnh1.audiencelabs.com.br\/wp-json\/wp\/v2\/media\/23310"}],"wp:attachment":[{"href":"https:\/\/tnh1.audiencelabs.com.br\/wp-json\/wp\/v2\/media?parent=23301"}],"wp:term":[{"taxonomy":"category","embeddable":true,"href":"https:\/\/tnh1.audiencelabs.com.br\/wp-json\/wp\/v2\/categories?post=23301"},{"taxonomy":"post_tag","embeddable":true,"href":"https:\/\/tnh1.audiencelabs.com.br\/wp-json\/wp\/v2\/tags?post=23301"}],"curies":[{"name":"wp","href":"https:\/\/api.w.org\/{rel}","templated":true}]}}