{"id":23312,"date":"2026-04-26T20:04:00","date_gmt":"2026-04-26T23:04:00","guid":{"rendered":"https:\/\/tnh1.audiencelabs.com.br\/?p=23312"},"modified":"2026-04-24T17:22:00","modified_gmt":"2026-04-24T20:22:00","slug":"loco-abreu-esta-de-volta-idolo-confirma-participacao-na-copa-do-mundo-2026","status":"publish","type":"post","link":"https:\/\/tnh1.audiencelabs.com.br\/loco-abreu-esta-de-volta-idolo-confirma-participacao-na-copa-do-mundo-2026\/","title":{"rendered":"Loco Abreu est\u00e1 de volta: \u00eddolo confirma participa\u00e7\u00e3o na Copa do Mundo 2026"},"content":{"rendered":"\n<p>\u00cddolo na sele\u00e7\u00e3o do Uruguai e tamb\u00e9m no Botafogo, Sebasti\u00e1n \u201cEl Loco\u201d Abreu, que atualmente trabalha como t\u00e9cnico do Tijuana, do M\u00e9xico, confirmou que est\u00e1 de volta \u00e0 Copa do Mundo, pois ir\u00e1 participar da edi\u00e7\u00e3o deste ano, mas, desta vez sua atua\u00e7\u00e3o acontece fora dos gramados. O ex-jogador, que disputou as Copas de 2002 e 2010, agora estar\u00e1 na competi\u00e7\u00e3o como comentarista da ESPN.<\/p>\n\n\n\n<p>A revela\u00e7\u00e3o foi feita ap\u00f3s a vit\u00f3ria de 3 a 1 do Tijuana sobre o Pachuca, na 16\u00aa rodada do torneio Clausura. Vale destacar que Loco Abreu j\u00e1 tem experi\u00eancia como comentarista na televis\u00e3o, pois trabalhou na Fox Sports Chile e no canal Teledoce, no Uruguai.<\/p>\n\n\n\n<h2 class=\"wp-block-heading\">T\u00e9cnico e comentarista<\/h2>\n\n\n\n<p>Apesar da nova fun\u00e7\u00e3o um pouco mais longe dos gramados, Loco Abreu seguir\u00e1 exercendo o seu papel de t\u00e9cnico do Tijuana, ou seja, vai conciliar a pr\u00e9-temporada do time com seus compromissos na TV. Dessa forma, n\u00e3o ir\u00e1 aos Estados Unidos e ao Canad\u00e1.<\/p>\n\n\n\n<p>No entanto, h\u00e1 um jogo que ele n\u00e3o perder\u00e1: Uruguai x Espanha. A partida v\u00e1lida pela fase de grupos da Copa do Mundo 2026 acontece dia 26 de junho, no est\u00e1dio Akron, em Guadalajara, no M\u00e9xico.<\/p>\n\n\n\n<h2 class=\"wp-block-heading\">Trajet\u00f3ria de Loco Abreu como t\u00e9cnico<\/h2>\n\n\n\n<p>Loco Abreu come\u00e7ou a sua carreira como t\u00e9cnico no dia 28 de mar\u00e7o de 2019 ao assumir o comando do Santa Tecla, clube de futebol profissional de El Salvador. Depois, passou pelo Boston River, do Uruguai; Always Ready, da Bol\u00edvia; Paysand\u00fa, da terceira divis\u00e3o do Uruguai; C\u00e9sar Vallejo, do Peru; Dorados de Sinaloa, do M\u00e9xico e, est\u00e1 no Tijuana desde 30 de abril de 2025.<\/p>\n\n\n\n<p>Na temporada 25\/26, o Tijuana disputou 35 partidas, tendo vencido 12 delas, empatado 13 e sa\u00eddo derrotado em 10. No pr\u00f3ximo s\u00e1bado, a equipe entra em campo contra o Guadalajara em busca da classifica\u00e7\u00e3o para as quartas de final da liga mexicana.<\/p>\n","protected":false},"excerpt":{"rendered":"<p>\u00cddolo na sele\u00e7\u00e3o do Uruguai e tamb\u00e9m no Botafogo, Sebasti\u00e1n \u201cEl Loco\u201d Abreu, que atualmente trabalha como t\u00e9cnico do Tijuana, do M\u00e9xico, confirmou que est\u00e1 de volta \u00e0 Copa do Mundo, pois ir\u00e1 participar da edi\u00e7\u00e3o deste ano, mas, desta vez sua atua\u00e7\u00e3o acontece fora dos gramados. O ex-jogador, que disputou as Copas de 2002 [&hellip;]<\/p>\n","protected":false},"author":20,"featured_media":23328,"comment_status":"open","ping_status":"open","sticky":false,"template":"","format":"standard","meta":{"jnews-multi-image_gallery":[],"jnews_single_post":{"format":"standard"},"jnews_primary_category":[],"jnews_social_meta":[],"jnews_post_split":[],"footnotes":""},"categories":[1],"tags":[],"class_list":["post-23312","post","type-post","status-publish","format-standard","has-post-thumbnail","hentry","category-geral"],"_links":{"self":[{"href":"https:\/\/tnh1.audiencelabs.com.br\/wp-json\/wp\/v2\/posts\/23312","targetHints":{"allow":["GET"]}}],"collection":[{"href":"https:\/\/tnh1.audiencelabs.com.br\/wp-json\/wp\/v2\/posts"}],"about":[{"href":"https:\/\/tnh1.audiencelabs.com.br\/wp-json\/wp\/v2\/types\/post"}],"author":[{"embeddable":true,"href":"https:\/\/tnh1.audiencelabs.com.br\/wp-json\/wp\/v2\/users\/20"}],"replies":[{"embeddable":true,"href":"https:\/\/tnh1.audiencelabs.com.br\/wp-json\/wp\/v2\/comments?post=23312"}],"version-history":[{"count":3,"href":"https:\/\/tnh1.audiencelabs.com.br\/wp-json\/wp\/v2\/posts\/23312\/revisions"}],"predecessor-version":[{"id":23478,"href":"https:\/\/tnh1.audiencelabs.com.br\/wp-json\/wp\/v2\/posts\/23312\/revisions\/23478"}],"wp:featuredmedia":[{"embeddable":true,"href":"https:\/\/tnh1.audiencelabs.com.br\/wp-json\/wp\/v2\/media\/23328"}],"wp:attachment":[{"href":"https:\/\/tnh1.audiencelabs.com.br\/wp-json\/wp\/v2\/media?parent=23312"}],"wp:term":[{"taxonomy":"category","embeddable":true,"href":"https:\/\/tnh1.audiencelabs.com.br\/wp-json\/wp\/v2\/categories?post=23312"},{"taxonomy":"post_tag","embeddable":true,"href":"https:\/\/tnh1.audiencelabs.com.br\/wp-json\/wp\/v2\/tags?post=23312"}],"curies":[{"name":"wp","href":"https:\/\/api.w.org\/{rel}","templated":true}]}}