{"id":23323,"date":"2026-04-26T15:08:00","date_gmt":"2026-04-26T18:08:00","guid":{"rendered":"https:\/\/tnh1.audiencelabs.com.br\/?p=23323"},"modified":"2026-04-24T19:36:32","modified_gmt":"2026-04-24T22:36:32","slug":"confirmado-pelas-forcas-armadas-nascidos-em-2008-deverao-realizar-o-servico-militar-obrigatorio-por-um-ano-e-vao-receber-um-salario-minimo-neste-pais","status":"publish","type":"post","link":"https:\/\/tnh1.audiencelabs.com.br\/confirmado-pelas-forcas-armadas-nascidos-em-2008-deverao-realizar-o-servico-militar-obrigatorio-por-um-ano-e-vao-receber-um-salario-minimo-neste-pais\/","title":{"rendered":"Confirmado pelas For\u00e7as Armadas: nascidos em 2008 dever\u00e3o realizar o servi\u00e7o militar obrigat\u00f3rio por um ano e v\u00e3o receber um sal\u00e1rio m\u00ednimo neste pa\u00eds"},"content":{"rendered":"\n<p>Embora diversas na\u00e7\u00f5es tenham adotado o voluntariado, o alistamento militar ainda permanece obrigat\u00f3rio em muitos locais. Inclusive, na Col\u00f4mbia, homens nascidos em 2008<strong> poder\u00e3o at\u00e9 mesmo ser obrigados a servir<\/strong>.<\/p>\n\n\n\n<p>Isso porque, no pa\u00eds, <strong>o servi\u00e7o militar tamb\u00e9m \u00e9 obrigat\u00f3rio <\/strong>para homens que completam 18 anos. Dessa forma, al\u00e9m de se apresentar \u00e0s autoridades, eles tamb\u00e9m precisam se preparar para cumprir esse dever por, no m\u00ednimo, um ano.<\/p>\n\n\n\n<p>O per\u00edodo \u00e9 exclusivo para jovens que conclu\u00edram o ensino m\u00e9dio. J\u00e1 os que ainda n\u00e3o possuem diploma, mas est\u00e3o aptos a servir, podem ser escalados para<strong> cumprir at\u00e9 18 meses de servi\u00e7o militar<\/strong>.<\/p>\n\n\n\n<p>Durante esse intervalo, os soldados atuar\u00e3o principalmente <strong>em tarefas de apoio \u00e0s For\u00e7as Armadas colombianas<\/strong>, participando de atividades de vigil\u00e2ncia, log\u00edstica, opera\u00e7\u00f5es de seguran\u00e7a e a\u00e7\u00f5es comunit\u00e1rias em v\u00e1rias regi\u00f5es do pa\u00eds.<\/p>\n\n\n\n<p>E vale destacar que os esfor\u00e7os s\u00e3o remunerados, uma vez que os jovens<strong> receber\u00e3o um pagamento mensal que se aproxima do valor de um sal\u00e1rio m\u00ednimo<\/strong>, bem como alimenta\u00e7\u00e3o e assist\u00eancia m\u00e9dica. Al\u00e9m disso, ao t\u00e9rmino do servi\u00e7o, eles ainda ter\u00e3o direito a uma gratifica\u00e7\u00e3o adicional.<\/p>\n\n\n\n<h2 class=\"wp-block-heading\">Isen\u00e7\u00e3o do servi\u00e7o militar: conhe\u00e7a as exce\u00e7\u00f5es<\/h2>\n\n\n\n<p>Mesmo sendo uma obriga\u00e7\u00e3o legal, nem todos os jovens colombianos ser\u00e3o selecionados para cumprir o servi\u00e7o militar, tendo em vista que a Lei n\u00ba 1861, estabelecida no pa\u00eds em 2017, reconheceu<strong> a exist\u00eancia de exce\u00e7\u00f5es<\/strong> para determinados grupos de cidad\u00e3os. S\u00e3o eles:<\/p>\n\n\n\n<ul class=\"wp-block-list\">\n<li>Pessoas com defici\u00eancias f\u00edsicas ou condi\u00e7\u00f5es m\u00e9dicas que as impe\u00e7am de cumprir o servi\u00e7o;<\/li>\n\n\n\n<li>Homens casados ou com filhos;<\/li>\n\n\n\n<li>Homens que sustentam financeiramente seus pais ou irm\u00e3os;<\/li>\n\n\n\n<li>Membros de comunidades ind\u00edgenas que vivem em seus territ\u00f3rios;<\/li>\n\n\n\n<li>Figuras religiosas pertencentes a institui\u00e7\u00f5es reconhecidas.<\/li>\n<\/ul>\n\n\n\n<p>Indiv\u00edduos que se enquadram em qualquer um dos perfis destacados precisar\u00e3o<strong> apenas se apresentar para determinar sua situa\u00e7\u00e3o militar<\/strong>. Mas vale destacar que, em alguns casos, uma taxa de regulariza\u00e7\u00e3o pode ser cobrada.<\/p>\n","protected":false},"excerpt":{"rendered":"<p>Embora diversas na\u00e7\u00f5es tenham adotado o voluntariado, o alistamento militar ainda permanece obrigat\u00f3rio em muitos locais. Inclusive, na Col\u00f4mbia, homens nascidos em 2008 poder\u00e3o at\u00e9 mesmo ser obrigados a servir. Isso porque, no pa\u00eds, o servi\u00e7o militar tamb\u00e9m \u00e9 obrigat\u00f3rio para homens que completam 18 anos. Dessa forma, al\u00e9m de se apresentar \u00e0s autoridades, eles [&hellip;]<\/p>\n","protected":false},"author":19,"featured_media":23324,"comment_status":"open","ping_status":"open","sticky":false,"template":"","format":"standard","meta":{"jnews-multi-image_gallery":[],"jnews_single_post":{"format":"standard"},"jnews_primary_category":[],"jnews_social_meta":[],"jnews_post_split":[],"footnotes":""},"categories":[1],"tags":[],"class_list":["post-23323","post","type-post","status-publish","format-standard","has-post-thumbnail","hentry","category-geral"],"_links":{"self":[{"href":"https:\/\/tnh1.audiencelabs.com.br\/wp-json\/wp\/v2\/posts\/23323","targetHints":{"allow":["GET"]}}],"collection":[{"href":"https:\/\/tnh1.audiencelabs.com.br\/wp-json\/wp\/v2\/posts"}],"about":[{"href":"https:\/\/tnh1.audiencelabs.com.br\/wp-json\/wp\/v2\/types\/post"}],"author":[{"embeddable":true,"href":"https:\/\/tnh1.audiencelabs.com.br\/wp-json\/wp\/v2\/users\/19"}],"replies":[{"embeddable":true,"href":"https:\/\/tnh1.audiencelabs.com.br\/wp-json\/wp\/v2\/comments?post=23323"}],"version-history":[{"count":2,"href":"https:\/\/tnh1.audiencelabs.com.br\/wp-json\/wp\/v2\/posts\/23323\/revisions"}],"predecessor-version":[{"id":23485,"href":"https:\/\/tnh1.audiencelabs.com.br\/wp-json\/wp\/v2\/posts\/23323\/revisions\/23485"}],"wp:featuredmedia":[{"embeddable":true,"href":"https:\/\/tnh1.audiencelabs.com.br\/wp-json\/wp\/v2\/media\/23324"}],"wp:attachment":[{"href":"https:\/\/tnh1.audiencelabs.com.br\/wp-json\/wp\/v2\/media?parent=23323"}],"wp:term":[{"taxonomy":"category","embeddable":true,"href":"https:\/\/tnh1.audiencelabs.com.br\/wp-json\/wp\/v2\/categories?post=23323"},{"taxonomy":"post_tag","embeddable":true,"href":"https:\/\/tnh1.audiencelabs.com.br\/wp-json\/wp\/v2\/tags?post=23323"}],"curies":[{"name":"wp","href":"https:\/\/api.w.org\/{rel}","templated":true}]}}