{"id":23372,"date":"2026-05-01T12:35:00","date_gmt":"2026-05-01T15:35:00","guid":{"rendered":"https:\/\/tnh1.audiencelabs.com.br\/?p=23372"},"modified":"2026-04-24T12:02:48","modified_gmt":"2026-04-24T15:02:48","slug":"cartorios-mudam-funcionamento-e-agora-atendem-ate-fora-do-horario-comum","status":"publish","type":"post","link":"https:\/\/tnh1.audiencelabs.com.br\/cartorios-mudam-funcionamento-e-agora-atendem-ate-fora-do-horario-comum\/","title":{"rendered":"Cart\u00f3rios mudam funcionamento e agora atendem at\u00e9 fora do hor\u00e1rio comum"},"content":{"rendered":"\n<p>Cart\u00f3rios eleitorais est\u00e3o operando com hor\u00e1rios ampliados em diversas regi\u00f5es do pa\u00eds, permitindo atendimento inclusive fora do expediente tradicional. <\/p>\n\n\n\n<p>A medida tempor\u00e1ria busca atender \u00e0 alta demanda de eleitores que precisam regularizar a situa\u00e7\u00e3o antes do prazo final para participar das pr\u00f3ximas elei\u00e7\u00f5es.<\/p>\n\n\n\n<h2 class=\"wp-block-heading\">Atendimento \u00e9 ampliado para evitar filas e facilitar regulariza\u00e7\u00e3o<\/h2>\n\n\n\n<p>De acordo com o Tribunal Regional Eleitoral de S\u00e3o Paulo, unidades no estado funcionar\u00e3o em regime especial entre os dias 1\u00ba e 6 de maio. Nesse per\u00edodo, os hor\u00e1rios variam: de 1\u00ba a 3, o atendimento ocorre das 9h \u00e0s 15h; j\u00e1 entre os dias 4 e 6, o expediente vai at\u00e9 as 17h. O servi\u00e7o ser\u00e1 realizado por ordem de chegada, respeitando prioridades legais.<\/p>\n\n\n\n<p>A amplia\u00e7\u00e3o tamb\u00e9m se repete em outras localidades, como no Distrito Federal, onde o Tribunal Regional Eleitoral do Distrito Federal passou a oferecer atendimento em finais de semana e feriados, al\u00e9m de estender o hor\u00e1rio durante os dias \u00fateis.<\/p>\n\n\n\n<p>O objetivo \u00e9 facilitar servi\u00e7os como emiss\u00e3o do primeiro t\u00edtulo, atualiza\u00e7\u00e3o cadastral, transfer\u00eancia de domic\u00edlio eleitoral e coleta de biometria. O prazo para regulariza\u00e7\u00e3o vai at\u00e9 6 de maio \u2014 ap\u00f3s essa data, quem estiver com pend\u00eancias pode ficar impedido de votar.<\/p>\n\n\n\n<p>A Justi\u00e7a Eleitoral recomenda que o cidad\u00e3o verifique previamente sua situa\u00e7\u00e3o por meio do autoatendimento online, dispon\u00edvel no portal do Tribunal Superior Eleitoral. O sistema permite consultas utilizando CPF ou n\u00famero do t\u00edtulo.<\/p>\n\n\n\n<p>Para atendimento presencial, \u00e9 necess\u00e1rio apresentar documento oficial com foto e comprovante de resid\u00eancia. Homens maiores de 19 anos tamb\u00e9m devem levar o comprovante de quita\u00e7\u00e3o com o servi\u00e7o militar.<\/p>\n\n\n\n<p>A amplia\u00e7\u00e3o do funcionamento busca evitar filas de \u00faltima hora e garantir que mais pessoas regularizem a situa\u00e7\u00e3o a tempo. Em anos eleitorais, a procura pelos cart\u00f3rios costuma aumentar significativamente nas semanas finais, o que torna o atendimento estendido uma alternativa para dar conta da demanda crescente.<\/p>\n","protected":false},"excerpt":{"rendered":"<p>Cart\u00f3rios eleitorais est\u00e3o operando com hor\u00e1rios ampliados em diversas regi\u00f5es do pa\u00eds, permitindo atendimento inclusive fora do expediente tradicional. A medida tempor\u00e1ria busca atender \u00e0 alta demanda de eleitores que precisam regularizar a situa\u00e7\u00e3o antes do prazo final para participar das pr\u00f3ximas elei\u00e7\u00f5es. Atendimento \u00e9 ampliado para evitar filas e facilitar regulariza\u00e7\u00e3o De acordo com [&hellip;]<\/p>\n","protected":false},"author":7,"featured_media":23379,"comment_status":"open","ping_status":"open","sticky":false,"template":"","format":"standard","meta":{"jnews-multi-image_gallery":[],"jnews_single_post":{"format":"standard"},"jnews_primary_category":[],"jnews_social_meta":[],"jnews_post_split":[],"footnotes":""},"categories":[1],"tags":[],"class_list":["post-23372","post","type-post","status-publish","format-standard","has-post-thumbnail","hentry","category-geral"],"_links":{"self":[{"href":"https:\/\/tnh1.audiencelabs.com.br\/wp-json\/wp\/v2\/posts\/23372","targetHints":{"allow":["GET"]}}],"collection":[{"href":"https:\/\/tnh1.audiencelabs.com.br\/wp-json\/wp\/v2\/posts"}],"about":[{"href":"https:\/\/tnh1.audiencelabs.com.br\/wp-json\/wp\/v2\/types\/post"}],"author":[{"embeddable":true,"href":"https:\/\/tnh1.audiencelabs.com.br\/wp-json\/wp\/v2\/users\/7"}],"replies":[{"embeddable":true,"href":"https:\/\/tnh1.audiencelabs.com.br\/wp-json\/wp\/v2\/comments?post=23372"}],"version-history":[{"count":2,"href":"https:\/\/tnh1.audiencelabs.com.br\/wp-json\/wp\/v2\/posts\/23372\/revisions"}],"predecessor-version":[{"id":23482,"href":"https:\/\/tnh1.audiencelabs.com.br\/wp-json\/wp\/v2\/posts\/23372\/revisions\/23482"}],"wp:featuredmedia":[{"embeddable":true,"href":"https:\/\/tnh1.audiencelabs.com.br\/wp-json\/wp\/v2\/media\/23379"}],"wp:attachment":[{"href":"https:\/\/tnh1.audiencelabs.com.br\/wp-json\/wp\/v2\/media?parent=23372"}],"wp:term":[{"taxonomy":"category","embeddable":true,"href":"https:\/\/tnh1.audiencelabs.com.br\/wp-json\/wp\/v2\/categories?post=23372"},{"taxonomy":"post_tag","embeddable":true,"href":"https:\/\/tnh1.audiencelabs.com.br\/wp-json\/wp\/v2\/tags?post=23372"}],"curies":[{"name":"wp","href":"https:\/\/api.w.org\/{rel}","templated":true}]}}