{"id":23387,"date":"2026-04-26T11:09:00","date_gmt":"2026-04-26T14:09:00","guid":{"rendered":"https:\/\/tnh1.audiencelabs.com.br\/?p=23387"},"modified":"2026-04-24T12:16:37","modified_gmt":"2026-04-24T15:16:37","slug":"todas-as-escolas-deste-pais-deverao-adicionar-uma-nova-materia-obrigatoria-ajuda-a-encontrar-trabalho","status":"publish","type":"post","link":"https:\/\/tnh1.audiencelabs.com.br\/todas-as-escolas-deste-pais-deverao-adicionar-uma-nova-materia-obrigatoria-ajuda-a-encontrar-trabalho\/","title":{"rendered":"Todas as escolas deste pa\u00eds dever\u00e3o adicionar uma nova mat\u00e9ria obrigat\u00f3ria: ajuda a encontrar trabalho"},"content":{"rendered":"\n<p>O sistema educacional da Col\u00f4mbia passar\u00e1 por uma mudan\u00e7a relevante a partir de 2026, com impacto direto na forma\u00e7\u00e3o dos estudantes e na conex\u00e3o com o mercado de trabalho. <\/p>\n\n\n\n<p>O governo confirmou que escolas p\u00fablicas do pa\u00eds dever\u00e3o incluir uma nova disciplina obrigat\u00f3ria voltada \u00e0 amplia\u00e7\u00e3o de oportunidades profissionais e acad\u00eamicas: o ensino de um idioma estrangeiro adicional, com foco inicial no alem\u00e3o.<\/p>\n\n\n\n<h2 class=\"wp-block-heading\">Nova disciplina busca aproximar escola do mercado global<\/h2>\n\n\n\n<p>A medida faz parte de um acordo firmado entre o Minist\u00e9rio da Educa\u00e7\u00e3o colombiano, a Embaixada da Alemanha e o Goethe-Institut. A proposta \u00e9 diversificar o ensino de l\u00ednguas, tradicionalmente centrado no ingl\u00eas, e alinhar a educa\u00e7\u00e3o \u00e0s demandas de um mercado cada vez mais internacionalizado.<\/p>\n\n\n\n<p>Na pr\u00e1tica, o alem\u00e3o ser\u00e1 incorporado gradualmente ao curr\u00edculo de col\u00e9gios p\u00fablicos, com abordagem voltada n\u00e3o apenas \u00e0 gram\u00e1tica, mas ao uso aplicado em contextos acad\u00eamicos e profissionais. A expectativa \u00e9 que o conte\u00fado ajude estudantes a acessar programas de interc\u00e2mbio, forma\u00e7\u00e3o t\u00e9cnica e oportunidades de trabalho fora do pa\u00eds.<\/p>\n\n\n\n<p>Segundo o governo, o idioma foi escolhido por sua relev\u00e2ncia em \u00e1reas estrat\u00e9gicas como engenharia, tecnologia e ind\u00fastria \u2014 setores em que a Alemanha se destaca globalmente. A iniciativa tamb\u00e9m busca fortalecer parcerias educacionais e econ\u00f4micas entre os dois pa\u00edses.<\/p>\n\n\n\n<p>A implementa\u00e7\u00e3o ser\u00e1 progressiva e depender\u00e1 da estrutura de cada regi\u00e3o. Um dos pilares do projeto \u00e9 a capacita\u00e7\u00e3o de professores, que ter\u00e3o acesso a forma\u00e7\u00e3o gratuita para garantir a qualidade do ensino.<\/p>\n\n\n\n<p>Especialistas apontam que a medida pode aumentar a empregabilidade dos jovens ao ampliar suas compet\u00eancias lingu\u00edsticas e culturais. Al\u00e9m disso, o ensino de idiomas \u00e9 visto como ferramenta essencial para inser\u00e7\u00e3o em um mercado de trabalho cada vez mais competitivo.<\/p>\n\n\n\n<p>Com a mudan\u00e7a, a Col\u00f4mbia aposta na educa\u00e7\u00e3o como estrat\u00e9gia para desenvolvimento econ\u00f4mico, ao preparar estudantes para oportunidades que v\u00e3o al\u00e9m das fronteiras nacionais.<\/p>\n","protected":false},"excerpt":{"rendered":"<p>O sistema educacional da Col\u00f4mbia passar\u00e1 por uma mudan\u00e7a relevante a partir de 2026, com impacto direto na forma\u00e7\u00e3o dos estudantes e na conex\u00e3o com o mercado de trabalho. O governo confirmou que escolas p\u00fablicas do pa\u00eds dever\u00e3o incluir uma nova disciplina obrigat\u00f3ria voltada \u00e0 amplia\u00e7\u00e3o de oportunidades profissionais e acad\u00eamicas: o ensino de um [&hellip;]<\/p>\n","protected":false},"author":7,"featured_media":23392,"comment_status":"open","ping_status":"open","sticky":false,"template":"","format":"standard","meta":{"jnews-multi-image_gallery":[],"jnews_single_post":{"format":"standard"},"jnews_primary_category":[],"jnews_social_meta":[],"jnews_post_split":[],"footnotes":""},"categories":[1],"tags":[],"class_list":["post-23387","post","type-post","status-publish","format-standard","has-post-thumbnail","hentry","category-geral"],"_links":{"self":[{"href":"https:\/\/tnh1.audiencelabs.com.br\/wp-json\/wp\/v2\/posts\/23387","targetHints":{"allow":["GET"]}}],"collection":[{"href":"https:\/\/tnh1.audiencelabs.com.br\/wp-json\/wp\/v2\/posts"}],"about":[{"href":"https:\/\/tnh1.audiencelabs.com.br\/wp-json\/wp\/v2\/types\/post"}],"author":[{"embeddable":true,"href":"https:\/\/tnh1.audiencelabs.com.br\/wp-json\/wp\/v2\/users\/7"}],"replies":[{"embeddable":true,"href":"https:\/\/tnh1.audiencelabs.com.br\/wp-json\/wp\/v2\/comments?post=23387"}],"version-history":[{"count":2,"href":"https:\/\/tnh1.audiencelabs.com.br\/wp-json\/wp\/v2\/posts\/23387\/revisions"}],"predecessor-version":[{"id":23465,"href":"https:\/\/tnh1.audiencelabs.com.br\/wp-json\/wp\/v2\/posts\/23387\/revisions\/23465"}],"wp:featuredmedia":[{"embeddable":true,"href":"https:\/\/tnh1.audiencelabs.com.br\/wp-json\/wp\/v2\/media\/23392"}],"wp:attachment":[{"href":"https:\/\/tnh1.audiencelabs.com.br\/wp-json\/wp\/v2\/media?parent=23387"}],"wp:term":[{"taxonomy":"category","embeddable":true,"href":"https:\/\/tnh1.audiencelabs.com.br\/wp-json\/wp\/v2\/categories?post=23387"},{"taxonomy":"post_tag","embeddable":true,"href":"https:\/\/tnh1.audiencelabs.com.br\/wp-json\/wp\/v2\/tags?post=23387"}],"curies":[{"name":"wp","href":"https:\/\/api.w.org\/{rel}","templated":true}]}}