{"id":23395,"date":"2026-04-26T12:02:00","date_gmt":"2026-04-26T15:02:00","guid":{"rendered":"https:\/\/tnh1.audiencelabs.com.br\/?p=23395"},"modified":"2026-04-24T12:21:59","modified_gmt":"2026-04-24T15:21:59","slug":"novo-acontecimento-pode-levar-mais-de-30-milhoes-de-pessoas-para-a-pobreza-em-todo-este-pais","status":"publish","type":"post","link":"https:\/\/tnh1.audiencelabs.com.br\/novo-acontecimento-pode-levar-mais-de-30-milhoes-de-pessoas-para-a-pobreza-em-todo-este-pais\/","title":{"rendered":"Novo acontecimento pode levar mais de 30 milh\u00f5es de pessoas para a pobreza em todo este pa\u00eds"},"content":{"rendered":"\n<p>A escalada recente de tens\u00f5es no Oriente M\u00e9dio acendeu um alerta global com impactos que v\u00e3o al\u00e9m da geopol\u00edtica. <\/p>\n\n\n\n<p>Segundo estimativas da Organiza\u00e7\u00e3o das Na\u00e7\u00f5es Unidas (ONU), os efeitos econ\u00f4micos do conflito envolvendo o Ir\u00e3 podem empurrar mais de 30 milh\u00f5es de pessoas de volta \u00e0 pobreza \u2014 um retrocesso considerado significativo ap\u00f3s anos de avan\u00e7os sociais.<\/p>\n\n\n\n<h2 class=\"wp-block-heading\">Crise global j\u00e1 afeta alimentos, energia e renda<\/h2>\n\n\n\n<p>De acordo com o Programa das Na\u00e7\u00f5es Unidas para o Desenvolvimento (Pnud), a interrup\u00e7\u00e3o de cadeias essenciais, como o transporte de combust\u00edvel e fertilizantes, est\u00e1 no centro do problema. O Estreito de Ormuz, rota estrat\u00e9gica por onde passa cerca de um ter\u00e7o dos fertilizantes comercializados no mundo, tem sido afetado diretamente pelas tens\u00f5es, dificultando o abastecimento global.<\/p>\n\n\n\n<p>A consequ\u00eancia mais imediata \u00e9 a queda na produtividade agr\u00edcola. Sem acesso a insumos b\u00e1sicos no per\u00edodo de plantio, produtores enfrentam dificuldades que devem se refletir na oferta de alimentos nos pr\u00f3ximos meses. A previs\u00e3o \u00e9 de aumento nos pre\u00e7os e agravamento da inseguran\u00e7a alimentar, especialmente em pa\u00edses mais vulner\u00e1veis.<\/p>\n\n\n\n<p>Al\u00e9m disso, o impacto econ\u00f4mico j\u00e1 come\u00e7a a aparecer em indicadores globais. A ONU estima uma redu\u00e7\u00e3o entre 0,5% e 0,8% no Produto Interno Bruto (PIB) mundial em 2026. Esse efeito em cadeia atinge desde o custo de produ\u00e7\u00e3o at\u00e9 o transporte de mercadorias, elevando pre\u00e7os em diversos setores \u2014 inclusive medicamentos e itens essenciais.<\/p>\n\n\n\n<p>Especialistas apontam que o encarecimento do frete internacional, aliado ao aumento do pre\u00e7o da energia, pressiona toda a cadeia de consumo. Com isso, produtos b\u00e1sicos chegam mais caros ao consumidor final, reduzindo o poder de compra e ampliando desigualdades.<\/p>\n\n\n\n<p>Mesmo que o conflito seja interrompido no curto prazo, os efeitos j\u00e1 s\u00e3o considerados inevit\u00e1veis. A ONU alerta que a combina\u00e7\u00e3o de infla\u00e7\u00e3o, escassez e desacelera\u00e7\u00e3o econ\u00f4mica pode comprometer programas sociais e ampliar a vulnerabilidade de milh\u00f5es de pessoas.<\/p>\n","protected":false},"excerpt":{"rendered":"<p>A escalada recente de tens\u00f5es no Oriente M\u00e9dio acendeu um alerta global com impactos que v\u00e3o al\u00e9m da geopol\u00edtica. Segundo estimativas da Organiza\u00e7\u00e3o das Na\u00e7\u00f5es Unidas (ONU), os efeitos econ\u00f4micos do conflito envolvendo o Ir\u00e3 podem empurrar mais de 30 milh\u00f5es de pessoas de volta \u00e0 pobreza \u2014 um retrocesso considerado significativo ap\u00f3s anos de [&hellip;]<\/p>\n","protected":false},"author":7,"featured_media":23398,"comment_status":"open","ping_status":"open","sticky":false,"template":"","format":"standard","meta":{"jnews-multi-image_gallery":[],"jnews_single_post":{"format":"standard"},"jnews_primary_category":[],"jnews_social_meta":[],"jnews_post_split":[],"footnotes":""},"categories":[1],"tags":[],"class_list":["post-23395","post","type-post","status-publish","format-standard","has-post-thumbnail","hentry","category-geral"],"_links":{"self":[{"href":"https:\/\/tnh1.audiencelabs.com.br\/wp-json\/wp\/v2\/posts\/23395","targetHints":{"allow":["GET"]}}],"collection":[{"href":"https:\/\/tnh1.audiencelabs.com.br\/wp-json\/wp\/v2\/posts"}],"about":[{"href":"https:\/\/tnh1.audiencelabs.com.br\/wp-json\/wp\/v2\/types\/post"}],"author":[{"embeddable":true,"href":"https:\/\/tnh1.audiencelabs.com.br\/wp-json\/wp\/v2\/users\/7"}],"replies":[{"embeddable":true,"href":"https:\/\/tnh1.audiencelabs.com.br\/wp-json\/wp\/v2\/comments?post=23395"}],"version-history":[{"count":2,"href":"https:\/\/tnh1.audiencelabs.com.br\/wp-json\/wp\/v2\/posts\/23395\/revisions"}],"predecessor-version":[{"id":23467,"href":"https:\/\/tnh1.audiencelabs.com.br\/wp-json\/wp\/v2\/posts\/23395\/revisions\/23467"}],"wp:featuredmedia":[{"embeddable":true,"href":"https:\/\/tnh1.audiencelabs.com.br\/wp-json\/wp\/v2\/media\/23398"}],"wp:attachment":[{"href":"https:\/\/tnh1.audiencelabs.com.br\/wp-json\/wp\/v2\/media?parent=23395"}],"wp:term":[{"taxonomy":"category","embeddable":true,"href":"https:\/\/tnh1.audiencelabs.com.br\/wp-json\/wp\/v2\/categories?post=23395"},{"taxonomy":"post_tag","embeddable":true,"href":"https:\/\/tnh1.audiencelabs.com.br\/wp-json\/wp\/v2\/tags?post=23395"}],"curies":[{"name":"wp","href":"https:\/\/api.w.org\/{rel}","templated":true}]}}