{"id":23499,"date":"2026-04-27T08:56:09","date_gmt":"2026-04-27T11:56:09","guid":{"rendered":"https:\/\/tnh1.audiencelabs.com.br\/?p=23499"},"modified":"2026-04-27T08:56:13","modified_gmt":"2026-04-27T11:56:13","slug":"antes-mesmo-da-copa-ancelotti-tem-despedida-confirmada-na-selecao-brasileira","status":"publish","type":"post","link":"https:\/\/tnh1.audiencelabs.com.br\/antes-mesmo-da-copa-ancelotti-tem-despedida-confirmada-na-selecao-brasileira\/","title":{"rendered":"Antes mesmo da Copa, Ancelotti tem despedida confirmada na Sele\u00e7\u00e3o Brasileira"},"content":{"rendered":"\n<p>Antes do in\u00edcio da Copa do Mundo 2026, o treinador Carlo Ancelotti j\u00e1 vive um momento de despedida na Sele\u00e7\u00e3o Brasileira. Isso porque \u00c9der Milit\u00e3o, zagueiro que era presen\u00e7a quase certa na competi\u00e7\u00e3o, se lesionou na partida entre Real Madrid e Alav\u00e9s, na \u00faltima ter\u00e7a-feira, 21, e est\u00e1 fora do torneio.&nbsp;<\/p>\n\n\n\n<p>Ap\u00f3s a realiza\u00e7\u00e3o de exames, o Real Madrid divulgou o boletim m\u00e9dico do atleta revelando que ele tem uma les\u00e3o muscular no b\u00edceps femoral da coxa esquerda. De acordo com informa\u00e7\u00f5es do Jornal AS, da Espanha, o jogador passou por um exame de resson\u00e2ncia magn\u00e9tica e ser\u00e1 submetido a uma cirurgia.&nbsp;<\/p>\n\n\n\n<p>Dessa forma, n\u00e3o ir\u00e1 se recuperar at\u00e9 a Copa, que acontece entre os meses de junho e julho deste ano. Segundo a imprensa espanhola, o jogador teria a possibilidade de ficar fora de atua\u00e7\u00e3o pelo per\u00edodo de cinco semanas para se recuperar mais rapidamente, mas haveria riscos de sofrer com uma reca\u00edda. Diante desse cen\u00e1rio, o ideal \u00e9 realizar o procedimento cir\u00fargico, o que o afastar\u00e1 dos gramados por quatro ou cinco meses.<\/p>\n\n\n\n<h2 class=\"wp-block-heading\">Milit\u00e3o \u00e9 um dos atletas de confian\u00e7a de Ancelotti<\/h2>\n\n\n\n<p>A confirma\u00e7\u00e3o da les\u00e3o do atleta e necessidade de ele passar por um procedimento cir\u00fargico, faz com que Ancelotti se despe\u00e7a dele na sele\u00e7\u00e3o e tenha que come\u00e7ar a pensar em novos nomes para substituir o jogador no mundial.&nbsp;<\/p>\n\n\n\n<p>Milit\u00e3o era um dos profissionais de confian\u00e7a do t\u00e9cnico da Amarelinha. Al\u00e9m de sua qualidade t\u00e9cnica como zagueiro, o jogador tamb\u00e9m se destaca pela versatilidade dentro de campo, pois tem a capacidade de atuar como lateral-direito.&nbsp;<\/p>\n\n\n\n<h2 class=\"wp-block-heading\">Quando acontece a convoca\u00e7\u00e3o para o torneio<\/h2>\n\n\n\n<p>Carlo Ancelotti tem a miss\u00e3o de convocar a sele\u00e7\u00e3o brasileira no dia 18 de maio, no Rio de Janeiro. A estreia do Brasil na Copa do Mundo 2026 ocorre no dia 13 de junho, diante do Marrocos, \u00e0s 19h, no MetLife Stadium, em Nova Jersey, nos Estados Unidos.<\/p>\n\n\n\n<p><\/p>\n","protected":false},"excerpt":{"rendered":"<p>Antes do in\u00edcio da Copa do Mundo 2026, o treinador Carlo Ancelotti j\u00e1 vive um momento de despedida na Sele\u00e7\u00e3o Brasileira. Isso porque \u00c9der Milit\u00e3o, zagueiro que era presen\u00e7a quase certa na competi\u00e7\u00e3o, se lesionou na partida entre Real Madrid e Alav\u00e9s, na \u00faltima ter\u00e7a-feira, 21, e est\u00e1 fora do torneio.&nbsp; Ap\u00f3s a realiza\u00e7\u00e3o de [&hellip;]<\/p>\n","protected":false},"author":20,"featured_media":23508,"comment_status":"open","ping_status":"open","sticky":false,"template":"","format":"standard","meta":{"jnews-multi-image_gallery":[],"jnews_single_post":{"format":"standard"},"jnews_primary_category":[],"jnews_social_meta":[],"jnews_post_split":[],"footnotes":""},"categories":[1],"tags":[],"class_list":["post-23499","post","type-post","status-publish","format-standard","has-post-thumbnail","hentry","category-geral"],"_links":{"self":[{"href":"https:\/\/tnh1.audiencelabs.com.br\/wp-json\/wp\/v2\/posts\/23499","targetHints":{"allow":["GET"]}}],"collection":[{"href":"https:\/\/tnh1.audiencelabs.com.br\/wp-json\/wp\/v2\/posts"}],"about":[{"href":"https:\/\/tnh1.audiencelabs.com.br\/wp-json\/wp\/v2\/types\/post"}],"author":[{"embeddable":true,"href":"https:\/\/tnh1.audiencelabs.com.br\/wp-json\/wp\/v2\/users\/20"}],"replies":[{"embeddable":true,"href":"https:\/\/tnh1.audiencelabs.com.br\/wp-json\/wp\/v2\/comments?post=23499"}],"version-history":[{"count":1,"href":"https:\/\/tnh1.audiencelabs.com.br\/wp-json\/wp\/v2\/posts\/23499\/revisions"}],"predecessor-version":[{"id":23509,"href":"https:\/\/tnh1.audiencelabs.com.br\/wp-json\/wp\/v2\/posts\/23499\/revisions\/23509"}],"wp:featuredmedia":[{"embeddable":true,"href":"https:\/\/tnh1.audiencelabs.com.br\/wp-json\/wp\/v2\/media\/23508"}],"wp:attachment":[{"href":"https:\/\/tnh1.audiencelabs.com.br\/wp-json\/wp\/v2\/media?parent=23499"}],"wp:term":[{"taxonomy":"category","embeddable":true,"href":"https:\/\/tnh1.audiencelabs.com.br\/wp-json\/wp\/v2\/categories?post=23499"},{"taxonomy":"post_tag","embeddable":true,"href":"https:\/\/tnh1.audiencelabs.com.br\/wp-json\/wp\/v2\/tags?post=23499"}],"curies":[{"name":"wp","href":"https:\/\/api.w.org\/{rel}","templated":true}]}}