{"id":23505,"date":"2026-04-27T18:33:00","date_gmt":"2026-04-27T21:33:00","guid":{"rendered":"https:\/\/tnh1.audiencelabs.com.br\/?p=23505"},"modified":"2026-04-27T15:39:25","modified_gmt":"2026-04-27T18:39:25","slug":"governo-aprova-nova-lei-e-mulheres-trans-estao-proibidas-de-usarem-o-banheiro-feminino","status":"publish","type":"post","link":"https:\/\/tnh1.audiencelabs.com.br\/governo-aprova-nova-lei-e-mulheres-trans-estao-proibidas-de-usarem-o-banheiro-feminino\/","title":{"rendered":"Governo aprova nova lei e mulheres trans est\u00e3o proibidas de usarem o banheiro feminino"},"content":{"rendered":"\n<p>Uma nova legisla\u00e7\u00e3o gerou pol\u00eamica em <strong>Campo Grande, <\/strong>Mato Grosso do Sul. Sancionada pelo governo municipal em abril de 2026, a lei pro\u00edbe o uso de <strong>banheiros femininos <\/strong>por <strong>mulheres trans <\/strong>em espa\u00e7os p\u00fablicos e privados.<\/p>\n\n\n\n<p>O objetivo declarado, conforme os respons\u00e1veis pela sua implementa\u00e7\u00e3o, seria proteger a seguran\u00e7a e a privacidade das mulheres cisg\u00eanero. No entanto, essa pol\u00edtica suscitou grande controv\u00e9rsia sobre os direitos das pessoas trans na regi\u00e3o, levantando debates intensos e muitas cr\u00edticas.<\/p>\n\n\n\n<h2 class=\"wp-block-heading\">Direito de mulheres trans <\/h2>\n\n\n\n<p>A norma faz parte da &#8220;Pol\u00edtica Municipal de Prote\u00e7\u00e3o da Mulher&#8221;. Os defensores dos direitos LGBT encaram a medida como <strong>discriminat\u00f3ria<\/strong>, alegando que representa um retrocesso nos direitos das pessoas trans. A proibi\u00e7\u00e3o aumentaria a vulnerabilidade e a exposi\u00e7\u00e3o dessas pessoas a atos de discrimina\u00e7\u00e3o e viol\u00eancia, segundo os cr\u00edticos da legisla\u00e7\u00e3o.<\/p>\n\n\n\n<h2 class=\"wp-block-heading\">Rea\u00e7\u00e3o p\u00fablica<\/h2>\n\n\n\n<p>A decis\u00e3o da prefeitura provocou rea\u00e7\u00f5es variadas. Grupos de defesa dos direitos humanos e organiza\u00e7\u00f5es LGBT manifestaram seu descontentamento, enfatizando que a lei contraria princ\u00edpios de igualdade e n\u00e3o discrimina\u00e7\u00e3o, conforme previsto na Constitui\u00e7\u00e3o.<\/p>\n\n\n\n<p>A constitucionalidade da norma est\u00e1 sendo analisada pelo Minist\u00e9rio P\u00fablico do Mato Grosso do Sul, que recebeu representa\u00e7\u00f5es questionando a legalidade da decis\u00e3o.<\/p>\n\n\n\n<p>A discuss\u00e3o se intensifica devido ao reconhecimento de que, no Brasil, discrimina\u00e7\u00e3o contra pessoas trans pode ser tipificada como crime de racismo. Este reconhecimento fornece base para desafios judiciais contra a nova legisla\u00e7\u00e3o.<\/p>\n\n\n\n<p>O debate sobre a lei segue intenso, com potenciais repercuss\u00f5es judiciais \u00e0 vista. Ainda se aguarda um posicionamento oficial do Minist\u00e9rio P\u00fablico sobre a constitucionalidade da medida. Ativistas e cidad\u00e3os cr\u00edticos \u00e0 legisla\u00e7\u00e3o podem considerar a\u00e7\u00f5es legais para contestar a decis\u00e3o municipal.<\/p>\n\n\n\n<p>A cidade est\u00e1 agora no centro de uma discuss\u00e3o nacional sobre identidade de g\u00eanero e direitos humanos.&nbsp;<\/p>\n","protected":false},"excerpt":{"rendered":"<p>Sancionada, lei pro\u00edbe o uso de banheiros femininos por mulheres trans.<\/p>\n","protected":false},"author":8,"featured_media":14117,"comment_status":"open","ping_status":"open","sticky":false,"template":"","format":"standard","meta":{"jnews-multi-image_gallery":[],"jnews_single_post":{"format":"standard"},"jnews_primary_category":[],"jnews_social_meta":[],"jnews_post_split":[],"footnotes":""},"categories":[1],"tags":[],"class_list":["post-23505","post","type-post","status-publish","format-standard","has-post-thumbnail","hentry","category-geral"],"_links":{"self":[{"href":"https:\/\/tnh1.audiencelabs.com.br\/wp-json\/wp\/v2\/posts\/23505","targetHints":{"allow":["GET"]}}],"collection":[{"href":"https:\/\/tnh1.audiencelabs.com.br\/wp-json\/wp\/v2\/posts"}],"about":[{"href":"https:\/\/tnh1.audiencelabs.com.br\/wp-json\/wp\/v2\/types\/post"}],"author":[{"embeddable":true,"href":"https:\/\/tnh1.audiencelabs.com.br\/wp-json\/wp\/v2\/users\/8"}],"replies":[{"embeddable":true,"href":"https:\/\/tnh1.audiencelabs.com.br\/wp-json\/wp\/v2\/comments?post=23505"}],"version-history":[{"count":4,"href":"https:\/\/tnh1.audiencelabs.com.br\/wp-json\/wp\/v2\/posts\/23505\/revisions"}],"predecessor-version":[{"id":23666,"href":"https:\/\/tnh1.audiencelabs.com.br\/wp-json\/wp\/v2\/posts\/23505\/revisions\/23666"}],"wp:featuredmedia":[{"embeddable":true,"href":"https:\/\/tnh1.audiencelabs.com.br\/wp-json\/wp\/v2\/media\/14117"}],"wp:attachment":[{"href":"https:\/\/tnh1.audiencelabs.com.br\/wp-json\/wp\/v2\/media?parent=23505"}],"wp:term":[{"taxonomy":"category","embeddable":true,"href":"https:\/\/tnh1.audiencelabs.com.br\/wp-json\/wp\/v2\/categories?post=23505"},{"taxonomy":"post_tag","embeddable":true,"href":"https:\/\/tnh1.audiencelabs.com.br\/wp-json\/wp\/v2\/tags?post=23505"}],"curies":[{"name":"wp","href":"https:\/\/api.w.org\/{rel}","templated":true}]}}