{"id":23518,"date":"2026-05-01T16:33:00","date_gmt":"2026-05-01T19:33:00","guid":{"rendered":"https:\/\/tnh1.audiencelabs.com.br\/?p=23518"},"modified":"2026-04-27T10:06:43","modified_gmt":"2026-04-27T13:06:43","slug":"nao-sera-uma-explosao-nasa-explica-como-a-vida-na-terra-deve-chegar-ao-fim","status":"publish","type":"post","link":"https:\/\/tnh1.audiencelabs.com.br\/nao-sera-uma-explosao-nasa-explica-como-a-vida-na-terra-deve-chegar-ao-fim\/","title":{"rendered":"N\u00e3o ser\u00e1 uma explos\u00e3o: NASA explica como a vida na Terra deve chegar ao fim"},"content":{"rendered":"\n<p>O fim da vida na Terra \u00e9 um tema frequente entre especialistas e at\u00e9 mesmo a popula\u00e7\u00e3o em geral, gerando inclusive enredos para filmes. Mas afinal, como ser\u00e1 que ir\u00e1 acontecer o fim do mundo? A teoria que geralmente \u00e9 mais refor\u00e7ada \u00e9 que haver\u00e1 uma explos\u00e3o por meio de asteroides que atingiram o planeta. No entanto, pesquisas da NASA t\u00eam mostrado outro cen\u00e1rio.&nbsp;<\/p>\n\n\n\n<p>Primeiramente, n\u00e3o existe uma data exata para o fim da vida na Terra. O que h\u00e1 de fato \u00e9 uma s\u00e9rie de altera\u00e7\u00f5es no planeta ao longo de bilh\u00f5es de anos e que v\u00e3o culminar no fim da humanidade.&nbsp;<\/p>\n\n\n\n<p>De acordo com o portal <a href=\"https:\/\/www.msn.com\/pt-br\/noticias\/ciencia-e-tecnologia\/n%C3%A3o-%C3%A9-como-parece-nasa-explica-quando-a-vida-na-terra-deve-acabar\/ar-AA20TIMx?ocid=hpmsn&amp;cvid=1610387fce464176e4c003336477b0cc&amp;ei=102\" target=\"_blank\" rel=\"noreferrer noopener\">MSN<\/a>, as proje\u00e7\u00f5es apontam para a evolu\u00e7\u00e3o do Sol, que tem a tend\u00eancia de aumentar sua luminosidade e elevar o aquecimento gradual do planeta. No per\u00edodo de aproximadamente 1 bilh\u00e3o de anos, esse processo pode fazer com que os oceanos evaporem e a atmosfera seja totalmente modificada, impedindo que haja vida no planeta.<\/p>\n\n\n\n<h2 class=\"wp-block-heading\">As altera\u00e7\u00f5es acontecem gradualmente<\/h2>\n\n\n\n<p>Segundo os estudos, as altera\u00e7\u00f5es est\u00e3o ocorrendo de forma gradual, o que vem modificando aspectos importantes para a vida humana, como a temperatura, atmosfera e at\u00e9 mesmo a pr\u00f3pria radia\u00e7\u00e3o solar.&nbsp;<\/p>\n\n\n\n<p>Outro ponto importante \u00e9 que daqui a 5 bilh\u00f5es de anos o sol deve entrar na fase de gigante vermelha. Assim, a Terra corre o risco de ser engolida ou ter sua estrutura totalmente alterada.<\/p>\n\n\n\n<p>Dessa forma, a teoria de que haver\u00e1 uma grande explos\u00e3o e um fim abrupto da vida na Terra \u00e9 descartada. O que vem sendo destacado pela ci\u00eancia \u00e9 justamente um processo gradual, no qual o planeta vai se deteriorando aos poucos at\u00e9 se tornar inabit\u00e1vel.\u00a0<\/p>\n\n\n\n<p>Diante disso tamb\u00e9m \u00e9 importante levar em considera\u00e7\u00e3o todos os alertas em rela\u00e7\u00e3o a quest\u00f5es de aquecimento global e outras a\u00e7\u00f5es humanas que prejudicam o planeta e que podem colaborar para mudan\u00e7as na atmosfera.<\/p>\n\n\n\n<p><\/p>\n","protected":false},"excerpt":{"rendered":"<p>O fim da vida na Terra \u00e9 um tema frequente entre especialistas e at\u00e9 mesmo a popula\u00e7\u00e3o em geral, gerando inclusive enredos para filmes. Mas afinal, como ser\u00e1 que ir\u00e1 acontecer o fim do mundo? A teoria que geralmente \u00e9 mais refor\u00e7ada \u00e9 que haver\u00e1 uma explos\u00e3o por meio de asteroides que atingiram o planeta. [&hellip;]<\/p>\n","protected":false},"author":20,"featured_media":23530,"comment_status":"open","ping_status":"open","sticky":false,"template":"","format":"standard","meta":{"jnews-multi-image_gallery":[],"jnews_single_post":{"format":"standard"},"jnews_primary_category":[],"jnews_social_meta":[],"jnews_post_split":[],"footnotes":""},"categories":[1],"tags":[],"class_list":["post-23518","post","type-post","status-publish","format-standard","has-post-thumbnail","hentry","category-geral"],"_links":{"self":[{"href":"https:\/\/tnh1.audiencelabs.com.br\/wp-json\/wp\/v2\/posts\/23518","targetHints":{"allow":["GET"]}}],"collection":[{"href":"https:\/\/tnh1.audiencelabs.com.br\/wp-json\/wp\/v2\/posts"}],"about":[{"href":"https:\/\/tnh1.audiencelabs.com.br\/wp-json\/wp\/v2\/types\/post"}],"author":[{"embeddable":true,"href":"https:\/\/tnh1.audiencelabs.com.br\/wp-json\/wp\/v2\/users\/20"}],"replies":[{"embeddable":true,"href":"https:\/\/tnh1.audiencelabs.com.br\/wp-json\/wp\/v2\/comments?post=23518"}],"version-history":[{"count":2,"href":"https:\/\/tnh1.audiencelabs.com.br\/wp-json\/wp\/v2\/posts\/23518\/revisions"}],"predecessor-version":[{"id":23674,"href":"https:\/\/tnh1.audiencelabs.com.br\/wp-json\/wp\/v2\/posts\/23518\/revisions\/23674"}],"wp:featuredmedia":[{"embeddable":true,"href":"https:\/\/tnh1.audiencelabs.com.br\/wp-json\/wp\/v2\/media\/23530"}],"wp:attachment":[{"href":"https:\/\/tnh1.audiencelabs.com.br\/wp-json\/wp\/v2\/media?parent=23518"}],"wp:term":[{"taxonomy":"category","embeddable":true,"href":"https:\/\/tnh1.audiencelabs.com.br\/wp-json\/wp\/v2\/categories?post=23518"},{"taxonomy":"post_tag","embeddable":true,"href":"https:\/\/tnh1.audiencelabs.com.br\/wp-json\/wp\/v2\/tags?post=23518"}],"curies":[{"name":"wp","href":"https:\/\/api.w.org\/{rel}","templated":true}]}}