{"id":23533,"date":"2026-05-01T17:06:00","date_gmt":"2026-05-01T20:06:00","guid":{"rendered":"https:\/\/tnh1.audiencelabs.com.br\/?p=23533"},"modified":"2026-04-27T10:23:47","modified_gmt":"2026-04-27T13:23:47","slug":"brasileiros-estao-proibidos-de-viajarem-de-aviao-nestas-regioes-do-pais","status":"publish","type":"post","link":"https:\/\/tnh1.audiencelabs.com.br\/brasileiros-estao-proibidos-de-viajarem-de-aviao-nestas-regioes-do-pais\/","title":{"rendered":"Brasileiros est\u00e3o proibidos de viajarem de avi\u00e3o nestas regi\u00f5es do pa\u00eds"},"content":{"rendered":"\n<p>A ideia de que \u00e9 poss\u00edvel voar livremente sobre qualquer parte do territ\u00f3rio brasileiro n\u00e3o corresponde \u00e0 realidade operacional da avia\u00e7\u00e3o. Na pr\u00e1tica, existem \u00e1reas espec\u00edficas onde aeronaves s\u00e3o proibidas de circular, e isso inclui tanto avi\u00f5es comerciais quanto particulares e at\u00e9 drones.<\/p>\n\n\n\n<p>Essas restri\u00e7\u00f5es fazem parte de uma estrutura chamada espa\u00e7o a\u00e9reo condicionado, que organiza onde, como e sob quais condi\u00e7\u00f5es o voo pode acontecer.<\/p>\n\n\n\n<h2 class=\"wp-block-heading\">Como funcionam as \u00e1reas proibidas no Brasil<\/h2>\n\n\n\n<p>O sistema a\u00e9reo brasileiro divide o espa\u00e7o em diferentes n\u00edveis de controle. Entre eles, tr\u00eas categorias s\u00e3o centrais:<\/p>\n\n\n\n<ul class=\"wp-block-list\">\n<li>\u00c1reas proibidas: sobrevoo totalmente vetado<\/li>\n\n\n\n<li>\u00c1reas restritas: voo permitido apenas com autoriza\u00e7\u00e3o espec\u00edfica<\/li>\n\n\n\n<li>\u00c1reas perigosas: regi\u00f5es com risco potencial \u00e0 navega\u00e7\u00e3o<\/li>\n<\/ul>\n\n\n\n<p>Essa classifica\u00e7\u00e3o permite que o tr\u00e1fego a\u00e9reo seja organizado com base em risco, sensibilidade e fun\u00e7\u00e3o estrat\u00e9gica.<\/p>\n\n\n\n<h2 class=\"wp-block-heading\">Quais lugares t\u00eam restri\u00e7\u00e3o de voo<\/h2>\n\n\n\n<p>No Brasil, as proibi\u00e7\u00f5es se concentram em regi\u00f5es consideradas sens\u00edveis do ponto de vista operacional ou institucional. Entre os principais exemplos est\u00e3o as \u00e1reas de poder e seguran\u00e7a nacional. Al\u00e9m disso, regi\u00f5es que concentram estruturas do governo federal possuem prote\u00e7\u00e3o a\u00e9rea refor\u00e7ada.<\/p>\n\n\n\n<p>O espa\u00e7o a\u00e9reo sobre pr\u00e9dios como o Pal\u00e1cio do Planalto, em Bras\u00edlia, \u00e9 controlado para evitar amea\u00e7as e garantir a seguran\u00e7a institucional. O mesmo vale para instala\u00e7\u00f5es militares, refinarias e f\u00e1bricas de explosivos, que entram na categoria de \u00e1reas cr\u00edticas.<\/p>\n\n\n\n<h3 class=\"wp-block-heading\">Instala\u00e7\u00f5es estrat\u00e9gicas e infraestrutura sens\u00edvel<\/h3>\n\n\n\n<p>Locais como penitenci\u00e1rias e centros industriais de alto risco tamb\u00e9m entram na lista. O motivo \u00e9 funcional: reduzir a possibilidade de incidentes, invas\u00f5es ou uso indevido do espa\u00e7o a\u00e9reo sobre estruturas vulner\u00e1veis.<\/p>\n\n\n\n<h3 class=\"wp-block-heading\">\u00c1reas ambientais e de preserva\u00e7\u00e3o<\/h3>\n\n\n\n<p>Determinadas regi\u00f5es naturais possuem restri\u00e7\u00f5es por impacto ambiental. Parques nacionais, como o Parque Nacional do Igua\u00e7u, t\u00eam controle sobre o sobrevoo para proteger a fauna, reduzir polui\u00e7\u00e3o sonora e preservar o ecossistema.<\/p>\n\n\n\n<p>Nesse caso, o mecanismo \u00e9 diferente: n\u00e3o se trata de seguran\u00e7a militar, mas de conserva\u00e7\u00e3o ambiental.<\/p>\n\n\n\n<h2 class=\"wp-block-heading\">Por que essas restri\u00e7\u00f5es existem<\/h2>\n\n\n\n<p>A l\u00f3gica por tr\u00e1s das proibi\u00e7\u00f5es segue tr\u00eas eixos principais:<\/p>\n\n\n\n<ul class=\"wp-block-list\">\n<li>Seguran\u00e7a: evitar riscos a estruturas cr\u00edticas e autoridades<\/li>\n\n\n\n<li>Controle operacional: garantir organiza\u00e7\u00e3o do tr\u00e1fego a\u00e9reo<\/li>\n\n\n\n<li>Preserva\u00e7\u00e3o: proteger \u00e1reas ambientais e culturais<\/li>\n<\/ul>\n\n\n\n<p>Ou seja, n\u00e3o \u00e9 uma limita\u00e7\u00e3o ao passageiro, mas um ajuste estrutural do sistema a\u00e9reo.<\/p>\n\n\n\n<h2 class=\"wp-block-heading\">O que muda para quem viaja<\/h2>\n\n\n\n<p>Para o passageiro, essas restri\u00e7\u00f5es s\u00e3o praticamente invis\u00edveis. Isso acontece porque as rotas j\u00e1 s\u00e3o planejadas para contornar \u00e1reas proibidas, os sistemas de navega\u00e7\u00e3o impedem entrada nessas zonas. A \u00fanica altera\u00e7\u00e3o ocorre no tempo de voo, pois ele pode sofrer pequenos ajustes, mas nada que afete muito a rota.<\/p>\n\n\n\n<p>Na pr\u00e1tica, o avi\u00e3o continua operando normalmente, apenas segue um trajeto otimizado dentro das regras.<\/p>\n","protected":false},"excerpt":{"rendered":"<p>A ideia de que \u00e9 poss\u00edvel voar livremente sobre qualquer parte do territ\u00f3rio brasileiro n\u00e3o corresponde \u00e0 realidade operacional da avia\u00e7\u00e3o. Na pr\u00e1tica, existem \u00e1reas espec\u00edficas onde aeronaves s\u00e3o proibidas de circular, e isso inclui tanto avi\u00f5es comerciais quanto particulares e at\u00e9 drones. Essas restri\u00e7\u00f5es fazem parte de uma estrutura chamada espa\u00e7o a\u00e9reo condicionado, que [&hellip;]<\/p>\n","protected":false},"author":20,"featured_media":20045,"comment_status":"open","ping_status":"open","sticky":false,"template":"","format":"standard","meta":{"jnews-multi-image_gallery":[],"jnews_single_post":{"format":"standard"},"jnews_primary_category":[],"jnews_social_meta":[],"jnews_post_split":[],"footnotes":""},"categories":[1],"tags":[],"class_list":["post-23533","post","type-post","status-publish","format-standard","has-post-thumbnail","hentry","category-geral"],"_links":{"self":[{"href":"https:\/\/tnh1.audiencelabs.com.br\/wp-json\/wp\/v2\/posts\/23533","targetHints":{"allow":["GET"]}}],"collection":[{"href":"https:\/\/tnh1.audiencelabs.com.br\/wp-json\/wp\/v2\/posts"}],"about":[{"href":"https:\/\/tnh1.audiencelabs.com.br\/wp-json\/wp\/v2\/types\/post"}],"author":[{"embeddable":true,"href":"https:\/\/tnh1.audiencelabs.com.br\/wp-json\/wp\/v2\/users\/20"}],"replies":[{"embeddable":true,"href":"https:\/\/tnh1.audiencelabs.com.br\/wp-json\/wp\/v2\/comments?post=23533"}],"version-history":[{"count":2,"href":"https:\/\/tnh1.audiencelabs.com.br\/wp-json\/wp\/v2\/posts\/23533\/revisions"}],"predecessor-version":[{"id":23675,"href":"https:\/\/tnh1.audiencelabs.com.br\/wp-json\/wp\/v2\/posts\/23533\/revisions\/23675"}],"wp:featuredmedia":[{"embeddable":true,"href":"https:\/\/tnh1.audiencelabs.com.br\/wp-json\/wp\/v2\/media\/20045"}],"wp:attachment":[{"href":"https:\/\/tnh1.audiencelabs.com.br\/wp-json\/wp\/v2\/media?parent=23533"}],"wp:term":[{"taxonomy":"category","embeddable":true,"href":"https:\/\/tnh1.audiencelabs.com.br\/wp-json\/wp\/v2\/categories?post=23533"},{"taxonomy":"post_tag","embeddable":true,"href":"https:\/\/tnh1.audiencelabs.com.br\/wp-json\/wp\/v2\/tags?post=23533"}],"curies":[{"name":"wp","href":"https:\/\/api.w.org\/{rel}","templated":true}]}}