{"id":23534,"date":"2026-04-27T10:25:28","date_gmt":"2026-04-27T13:25:28","guid":{"rendered":"https:\/\/tnh1.audiencelabs.com.br\/?p=23534"},"modified":"2026-04-27T10:25:32","modified_gmt":"2026-04-27T13:25:32","slug":"o-governo-proibe-os-despejos-os-proprietarios-nao-poderao-expulsar-os-inquilinos-mesmo-que-nao-paguem-a-renda-neste-pais","status":"publish","type":"post","link":"https:\/\/tnh1.audiencelabs.com.br\/o-governo-proibe-os-despejos-os-proprietarios-nao-poderao-expulsar-os-inquilinos-mesmo-que-nao-paguem-a-renda-neste-pais\/","title":{"rendered":"O governo pro\u00edbe os despejos: os propriet\u00e1rios n\u00e3o poder\u00e3o expulsar os inquilinos, mesmo que n\u00e3o paguem a renda neste pa\u00eds"},"content":{"rendered":"\n<p>O governo decidiu ampliar a proibi\u00e7\u00e3o de despejos, estendendo a medida at\u00e9 2026 e refor\u00e7ando a prote\u00e7\u00e3o a fam\u00edlias em situa\u00e7\u00e3o de vulnerabilidade. <\/p>\n\n\n\n<p>Na pr\u00e1tica, propriet\u00e1rios ficam impedidos de retirar inquilinos inadimplentes quando n\u00e3o houver uma alternativa habitacional dispon\u00edvel para essas pessoas. A decis\u00e3o, que tem origem em medidas adotadas durante a pandemia, continua a provocar impactos diretos no mercado de arrendamento. A medida foi implementada no governo da Espanha.<\/p>\n\n\n\n<h2 class=\"wp-block-heading\">Medida amplia prote\u00e7\u00e3o social e pressiona mercado de aluguel<\/h2>\n\n\n\n<p>O chamado \u201cescudo social\u201d mant\u00e9m n\u00e3o apenas a suspens\u00e3o de despejos, mas tamb\u00e9m outras garantias, como a proibi\u00e7\u00e3o de cortes de servi\u00e7os essenciais \u2014 \u00e1gua, luz e g\u00e1s \u2014 para fam\u00edlias vulner\u00e1veis ao longo de 2026. Al\u00e9m disso, benef\u00edcios como o b\u00f4nus social de energia el\u00e9trica seguem prorrogados.<\/p>\n\n\n\n<p>A pol\u00edtica abrange diferentes perfis considerados em risco social, incluindo fam\u00edlias com crian\u00e7as, idosos, pessoas dependentes e v\u00edtimas de viol\u00eancia de g\u00eanero. Em alguns casos, a prote\u00e7\u00e3o tamb\u00e9m alcan\u00e7a ocupantes sem contrato formal, desde que comprovem vulnerabilidade econ\u00f4mica.<\/p>\n\n\n\n<p>Apesar do car\u00e1ter social da medida, especialistas alertam para efeitos colaterais. A dificuldade crescente em encontrar im\u00f3veis para alugar j\u00e1 \u00e9 apontada como um dos principais reflexos. Com receio de inadimpl\u00eancia prolongada e entraves legais para retomada dos im\u00f3veis, muitos propriet\u00e1rios optam por retirar suas propriedades do mercado.<\/p>\n\n\n\n<p>O resultado \u00e9 um desequil\u00edbrio ainda maior entre oferta e demanda, com aumento de pre\u00e7os e crit\u00e9rios mais r\u00edgidos na sele\u00e7\u00e3o de inquilinos. Perfis considerados de maior risco \u2014 como fam\u00edlias com renda \u00fanica ou com dependentes \u2014 acabam enfrentando mais obst\u00e1culos.<\/p>\n\n\n\n<p>Dados recentes do Judici\u00e1rio indicam queda no n\u00famero de despejos, mas mostram que a maioria dos casos ainda est\u00e1 ligada \u00e0 falta de pagamento. O cen\u00e1rio mant\u00e9m o setor em alerta, diante de uma medida que equilibra prote\u00e7\u00e3o social e inseguran\u00e7a jur\u00eddica.<\/p>\n","protected":false},"excerpt":{"rendered":"<p>O governo decidiu ampliar a proibi\u00e7\u00e3o de despejos, estendendo a medida at\u00e9 2026 e refor\u00e7ando a prote\u00e7\u00e3o a fam\u00edlias em situa\u00e7\u00e3o de vulnerabilidade. Na pr\u00e1tica, propriet\u00e1rios ficam impedidos de retirar inquilinos inadimplentes quando n\u00e3o houver uma alternativa habitacional dispon\u00edvel para essas pessoas. A decis\u00e3o, que tem origem em medidas adotadas durante a pandemia, continua a [&hellip;]<\/p>\n","protected":false},"author":7,"featured_media":23537,"comment_status":"open","ping_status":"open","sticky":false,"template":"","format":"standard","meta":{"jnews-multi-image_gallery":[],"jnews_single_post":{"format":"standard"},"jnews_primary_category":[],"jnews_social_meta":[],"jnews_post_split":[],"footnotes":""},"categories":[1],"tags":[],"class_list":["post-23534","post","type-post","status-publish","format-standard","has-post-thumbnail","hentry","category-geral"],"_links":{"self":[{"href":"https:\/\/tnh1.audiencelabs.com.br\/wp-json\/wp\/v2\/posts\/23534","targetHints":{"allow":["GET"]}}],"collection":[{"href":"https:\/\/tnh1.audiencelabs.com.br\/wp-json\/wp\/v2\/posts"}],"about":[{"href":"https:\/\/tnh1.audiencelabs.com.br\/wp-json\/wp\/v2\/types\/post"}],"author":[{"embeddable":true,"href":"https:\/\/tnh1.audiencelabs.com.br\/wp-json\/wp\/v2\/users\/7"}],"replies":[{"embeddable":true,"href":"https:\/\/tnh1.audiencelabs.com.br\/wp-json\/wp\/v2\/comments?post=23534"}],"version-history":[{"count":1,"href":"https:\/\/tnh1.audiencelabs.com.br\/wp-json\/wp\/v2\/posts\/23534\/revisions"}],"predecessor-version":[{"id":23540,"href":"https:\/\/tnh1.audiencelabs.com.br\/wp-json\/wp\/v2\/posts\/23534\/revisions\/23540"}],"wp:featuredmedia":[{"embeddable":true,"href":"https:\/\/tnh1.audiencelabs.com.br\/wp-json\/wp\/v2\/media\/23537"}],"wp:attachment":[{"href":"https:\/\/tnh1.audiencelabs.com.br\/wp-json\/wp\/v2\/media?parent=23534"}],"wp:term":[{"taxonomy":"category","embeddable":true,"href":"https:\/\/tnh1.audiencelabs.com.br\/wp-json\/wp\/v2\/categories?post=23534"},{"taxonomy":"post_tag","embeddable":true,"href":"https:\/\/tnh1.audiencelabs.com.br\/wp-json\/wp\/v2\/tags?post=23534"}],"curies":[{"name":"wp","href":"https:\/\/api.w.org\/{rel}","templated":true}]}}