{"id":23541,"date":"2026-04-27T10:50:00","date_gmt":"2026-04-27T13:50:00","guid":{"rendered":"https:\/\/tnh1.audiencelabs.com.br\/?p=23541"},"modified":"2026-04-27T10:32:55","modified_gmt":"2026-04-27T13:32:55","slug":"decretado-feriado-na-quinta-feira-30-04-e-o-fim-de-semana-sera-prolongado-neste-pais","status":"publish","type":"post","link":"https:\/\/tnh1.audiencelabs.com.br\/decretado-feriado-na-quinta-feira-30-04-e-o-fim-de-semana-sera-prolongado-neste-pais\/","title":{"rendered":"Decretado feriado na quinta-feira (30\/04) e o fim de semana ser\u00e1 prolongado neste pa\u00eds"},"content":{"rendered":"\n<p>Moradores de uma cidade da Argentina ter\u00e3o um descanso mais longo no fim de abril. A combina\u00e7\u00e3o de um feriado local com uma data nacional vai resultar em um raro \u201cferiad\u00e3o\u201d de quatro dias consecutivos, alterando a rotina e movimentando a regi\u00e3o.<\/p>\n\n\n\n<p>A medida vale especificamente para o munic\u00edpio de Navarro, localizado na prov\u00edncia de Buenos Aires. Por l\u00e1, o dia 30 de abril foi decretado como feriado municipal em raz\u00e3o do anivers\u00e1rio de funda\u00e7\u00e3o da cidade. A data se soma ao j\u00e1 conhecido Dia do Trabalhador, celebrado em 1\u00ba de maio, ampliando o per\u00edodo de descanso.<\/p>\n\n\n\n<h2 class=\"wp-block-heading\">Feriado local cria pausa de quatro dias e muda rotina da cidade<\/h2>\n\n\n\n<p>Com a decis\u00e3o, o calend\u00e1rio fica organizado de forma estrat\u00e9gica para os moradores: quinta-feira (30) ser\u00e1 feriado local, sexta-feira (1\u00ba) \u00e9 feriado nacional, seguido pelo fim de semana tradicional. Na pr\u00e1tica, o descanso se estende at\u00e9 domingo (3), formando quatro dias seguidos sem expediente para parte da popula\u00e7\u00e3o.<\/p>\n\n\n\n<p>O feriado municipal marca os 259 anos de funda\u00e7\u00e3o de Navarro, uma das datas mais relevantes para a identidade local. A prefeitura programou uma s\u00e9rie de atividades comemorativas, incluindo cerim\u00f4nias oficiais, desfiles tradicionais e apresenta\u00e7\u00f5es culturais abertas ao p\u00fablico.<\/p>\n\n\n\n<p>Entre os destaques est\u00e3o um ato institucional na pra\u00e7a central, desfile criollo e eventos musicais com aulas e shows ao vivo, que devem atrair moradores e visitantes. A expectativa \u00e9 de aumento no fluxo de pessoas e impacto positivo no com\u00e9rcio local.<\/p>\n\n\n\n<p>No restante do pa\u00eds, o calend\u00e1rio de feriados nacionais segue sem altera\u00e7\u00f5es. Ao longo de 2026, datas como o Dia da Independ\u00eancia e o Natal permanecem confirmadas, al\u00e9m de alguns dias n\u00e3o laborais com fins tur\u00edsticos. Ainda assim, combina\u00e7\u00f5es como a de Navarro s\u00e3o pontuais \u2014 e bastante aguardadas por quem busca uma pausa prolongada.<\/p>\n","protected":false},"excerpt":{"rendered":"<p>Moradores de uma cidade da Argentina ter\u00e3o um descanso mais longo no fim de abril. A combina\u00e7\u00e3o de um feriado local com uma data nacional vai resultar em um raro \u201cferiad\u00e3o\u201d de quatro dias consecutivos, alterando a rotina e movimentando a regi\u00e3o. A medida vale especificamente para o munic\u00edpio de Navarro, localizado na prov\u00edncia de [&hellip;]<\/p>\n","protected":false},"author":7,"featured_media":23545,"comment_status":"open","ping_status":"open","sticky":false,"template":"","format":"standard","meta":{"jnews-multi-image_gallery":[],"jnews_single_post":{"format":"standard"},"jnews_primary_category":[],"jnews_social_meta":[],"jnews_post_split":[],"footnotes":""},"categories":[1],"tags":[],"class_list":["post-23541","post","type-post","status-publish","format-standard","has-post-thumbnail","hentry","category-geral"],"_links":{"self":[{"href":"https:\/\/tnh1.audiencelabs.com.br\/wp-json\/wp\/v2\/posts\/23541","targetHints":{"allow":["GET"]}}],"collection":[{"href":"https:\/\/tnh1.audiencelabs.com.br\/wp-json\/wp\/v2\/posts"}],"about":[{"href":"https:\/\/tnh1.audiencelabs.com.br\/wp-json\/wp\/v2\/types\/post"}],"author":[{"embeddable":true,"href":"https:\/\/tnh1.audiencelabs.com.br\/wp-json\/wp\/v2\/users\/7"}],"replies":[{"embeddable":true,"href":"https:\/\/tnh1.audiencelabs.com.br\/wp-json\/wp\/v2\/comments?post=23541"}],"version-history":[{"count":1,"href":"https:\/\/tnh1.audiencelabs.com.br\/wp-json\/wp\/v2\/posts\/23541\/revisions"}],"predecessor-version":[{"id":23546,"href":"https:\/\/tnh1.audiencelabs.com.br\/wp-json\/wp\/v2\/posts\/23541\/revisions\/23546"}],"wp:featuredmedia":[{"embeddable":true,"href":"https:\/\/tnh1.audiencelabs.com.br\/wp-json\/wp\/v2\/media\/23545"}],"wp:attachment":[{"href":"https:\/\/tnh1.audiencelabs.com.br\/wp-json\/wp\/v2\/media?parent=23541"}],"wp:term":[{"taxonomy":"category","embeddable":true,"href":"https:\/\/tnh1.audiencelabs.com.br\/wp-json\/wp\/v2\/categories?post=23541"},{"taxonomy":"post_tag","embeddable":true,"href":"https:\/\/tnh1.audiencelabs.com.br\/wp-json\/wp\/v2\/tags?post=23541"}],"curies":[{"name":"wp","href":"https:\/\/api.w.org\/{rel}","templated":true}]}}