{"id":23544,"date":"2026-05-01T15:39:00","date_gmt":"2026-05-01T18:39:00","guid":{"rendered":"https:\/\/tnh1.audiencelabs.com.br\/?p=23544"},"modified":"2026-04-27T10:44:30","modified_gmt":"2026-04-27T13:44:30","slug":"confucio-pensador-chines-estudar-sem-pensar-e-inutil-pensar-sem-estudar-perigoso","status":"publish","type":"post","link":"https:\/\/tnh1.audiencelabs.com.br\/confucio-pensador-chines-estudar-sem-pensar-e-inutil-pensar-sem-estudar-perigoso\/","title":{"rendered":"Conf\u00facio, pensador chin\u00eas: \u201cEstudar sem pensar \u00e9 in\u00fatil; pensar sem estudar, perigoso\u201d"},"content":{"rendered":"\n<p>A rela\u00e7\u00e3o entre <strong>conhecimento <\/strong>e <strong>aprendizado <\/strong>\u00e9 tema central em diferentes tradi\u00e7\u00f5es filos\u00f3ficas, tanto no Oriente quanto no Ocidente. Dentro desse debate, uma senten\u00e7a atribu\u00edda a <strong>Conf\u00facio <\/strong>continua sendo amplamente citada como s\u00edntese do equil\u00edbrio necess\u00e1rio no aprendizado: <em>\u201cestudar sem pensar \u00e9 in\u00fatil; pensar sem estudar, perigoso\u201d.<\/em><\/p>\n\n\n\n<p>Diferente de outras cita\u00e7\u00f5es que circulam com autoria imprecisa, essa ideia consta nos textos cl\u00e1ssicos vinculados aos seus ensinamentos.<\/p>\n\n\n\n<p>A frase tem origem nos Analectos, colet\u00e2nea organizada pelos disc\u00edpulos de Conf\u00facio com base em di\u00e1logos e reflex\u00f5es do mestre sobre educa\u00e7\u00e3o, \u00e9tica e comportamento social. No trecho, o pensador chin\u00eas estabelece uma rela\u00e7\u00e3o entre dois processos.<\/p>\n\n\n\n<p>O primeiro, estudar, n\u00e3o pode se limitar \u00e0 memoriza\u00e7\u00e3o ou ao ac\u00famulo passivo de dados. Sem pensamento cr\u00edtico, o aprendizado perde o valor pr\u00e1tico. O segundo, pensar, exige cuidado. Refletir sem uma base s\u00f3lida de conhecimento pode levar a conclus\u00f5es erradas ou interpreta\u00e7\u00f5es incompletas.<\/p>\n\n\n\n<p>Conf\u00facio viveu entre os s\u00e9culos VI e V a.C. Seu nome em chin\u00eas, Kong Fuzi, foi latinizado posteriormente como Confucius. Ele n\u00e3o deixou obras escritas de pr\u00f3prio punho; suas ideias foram preservadas por seus seguidores.&nbsp;<\/p>\n\n\n\n<h2 class=\"wp-block-heading\">Equil\u00edbrio entre estudo e reflex\u00e3o<\/h2>\n\n\n\n<p>Para Conf\u00facio, \u00e9 no equil\u00edbrio entre estudo e reflex\u00e3o que se constr\u00f3i uma compreens\u00e3o mais profunda dos assuntos.<\/p>\n\n\n\n<p>Essa ideia continua atual. Em um contexto marcado pelo acesso massivo \u00e0 informa\u00e7\u00e3o, a distin\u00e7\u00e3o entre estudar e pensar ganha nova relev\u00e2ncia. Ter muitos dados dispon\u00edveis n\u00e3o garante entendimento.<\/p>\n\n\n\n<p>A acumula\u00e7\u00e3o de conte\u00fados pode ser insuficiente sem an\u00e1lise cr\u00edtica. Pesquisas contempor\u00e2neas em educa\u00e7\u00e3o coincidem com o pensador chin\u00eas: o desenvolvimento do pensamento cr\u00edtico depende da combina\u00e7\u00e3o de conhecimentos pr\u00e9vios com a capacidade de analis\u00e1-los e aplic\u00e1-los.<\/p>\n","protected":false},"excerpt":{"rendered":"<p>A rela\u00e7\u00e3o entre conhecimento e aprendizado \u00e9 tema central em diferentes tradi\u00e7\u00f5es filos\u00f3ficas.<\/p>\n","protected":false},"author":8,"featured_media":4246,"comment_status":"open","ping_status":"open","sticky":false,"template":"","format":"standard","meta":{"jnews-multi-image_gallery":[],"jnews_single_post":{"format":"standard"},"jnews_primary_category":[],"jnews_social_meta":[],"jnews_post_split":[],"footnotes":""},"categories":[1],"tags":[],"class_list":["post-23544","post","type-post","status-publish","format-standard","has-post-thumbnail","hentry","category-geral"],"_links":{"self":[{"href":"https:\/\/tnh1.audiencelabs.com.br\/wp-json\/wp\/v2\/posts\/23544","targetHints":{"allow":["GET"]}}],"collection":[{"href":"https:\/\/tnh1.audiencelabs.com.br\/wp-json\/wp\/v2\/posts"}],"about":[{"href":"https:\/\/tnh1.audiencelabs.com.br\/wp-json\/wp\/v2\/types\/post"}],"author":[{"embeddable":true,"href":"https:\/\/tnh1.audiencelabs.com.br\/wp-json\/wp\/v2\/users\/8"}],"replies":[{"embeddable":true,"href":"https:\/\/tnh1.audiencelabs.com.br\/wp-json\/wp\/v2\/comments?post=23544"}],"version-history":[{"count":2,"href":"https:\/\/tnh1.audiencelabs.com.br\/wp-json\/wp\/v2\/posts\/23544\/revisions"}],"predecessor-version":[{"id":23671,"href":"https:\/\/tnh1.audiencelabs.com.br\/wp-json\/wp\/v2\/posts\/23544\/revisions\/23671"}],"wp:featuredmedia":[{"embeddable":true,"href":"https:\/\/tnh1.audiencelabs.com.br\/wp-json\/wp\/v2\/media\/4246"}],"wp:attachment":[{"href":"https:\/\/tnh1.audiencelabs.com.br\/wp-json\/wp\/v2\/media?parent=23544"}],"wp:term":[{"taxonomy":"category","embeddable":true,"href":"https:\/\/tnh1.audiencelabs.com.br\/wp-json\/wp\/v2\/categories?post=23544"},{"taxonomy":"post_tag","embeddable":true,"href":"https:\/\/tnh1.audiencelabs.com.br\/wp-json\/wp\/v2\/tags?post=23544"}],"curies":[{"name":"wp","href":"https:\/\/api.w.org\/{rel}","templated":true}]}}