{"id":23553,"date":"2026-05-01T18:03:00","date_gmt":"2026-05-01T21:03:00","guid":{"rendered":"https:\/\/tnh1.audiencelabs.com.br\/?p=23553"},"modified":"2026-04-27T10:58:43","modified_gmt":"2026-04-27T13:58:43","slug":"aumento-de-25-na-aposentadoria-pode-ser-liberado-para-parte-dos-beneficiarios-do-inss","status":"publish","type":"post","link":"https:\/\/tnh1.audiencelabs.com.br\/aumento-de-25-na-aposentadoria-pode-ser-liberado-para-parte-dos-beneficiarios-do-inss\/","title":{"rendered":"Aumento de 25% na aposentadoria pode ser liberado para parte dos benefici\u00e1rios do INSS"},"content":{"rendered":"\n<p>Um mecanismo previsto na legisla\u00e7\u00e3o previdenci\u00e1ria permite que parte dos aposentados do INSS receba um aumento de at\u00e9 25% no valor mensal do benef\u00edcio. No entanto, o adicional n\u00e3o \u00e9 autom\u00e1tico nem universal: ele est\u00e1 condicionado a crit\u00e9rios espec\u00edficos ligados \u00e0 condi\u00e7\u00e3o de sa\u00fade e ao grau de depend\u00eancia do segurado.<\/p>\n\n\n\n<p>\u00c9 importante deixar muito claro que esse n\u00e3o \u00e9 um reajuste geral, mas um complemento financeiro com fun\u00e7\u00e3o definida: custear a necessidade de assist\u00eancia permanente no dia a dia.<\/p>\n\n\n\n<h2 class=\"wp-block-heading\">Como funciona o adicional de 25%<\/h2>\n\n\n\n<p>O acr\u00e9scimo \u00e9 direcionado exclusivamente a quem recebe aposentadoria por incapacidade permanente, tamb\u00e9m conhecida como aposentadoria por invalidez. Para ter acesso, o benefici\u00e1rio precisa comprovar que n\u00e3o consegue realizar atividades b\u00e1sicas sozinho. Um ponto essencial \u00e9que essa depend\u00eancia deve ser cont\u00ednua, n\u00e3o eventual. Al\u00e9m disso, a concess\u00e3o depende de per\u00edcia m\u00e9dica realizada pelo INSS, ou seja, o aumento n\u00e3o est\u00e1 ligado ao tempo de contribui\u00e7\u00e3o ou ao valor do benef\u00edcio, mas \u00e0 condi\u00e7\u00e3o funcional do aposentado.<\/p>\n\n\n\n<p>Exemplificando, o segurado deve ter a necessidade de receber aux\u00edlio constante para tarefas essenciais, como alimenta\u00e7\u00e3o, higiene pessoal e locomo\u00e7\u00e3o. Entre as situa\u00e7\u00f5es que podem garantir o benef\u00edcio est\u00e3o a cegueira total, perda de membros, paralisias ou limita\u00e7\u00f5es motoras graves, doen\u00e7as que afetam as fun\u00e7\u00f5es mentais e outras condi\u00e7\u00f5es que exigem cuidado constante.<\/p>\n\n\n\n<p>Essas condi\u00e7\u00f5es de sa\u00fade n\u00e3o funcionam como uma lista fechada, mas como refer\u00eancia t\u00e9cnica usada nas per\u00edcias. O elemento determinante continua sendo o grau de depend\u00eancia funcional do aposentado.<\/p>\n\n\n\n<h2 class=\"wp-block-heading\">Por que o benef\u00edcio ainda \u00e9 pouco utilizado<\/h2>\n\n\n\n<p>Apesar de estar previsto em lei, o adicional ainda \u00e9 pouco solicitado. O principal motivo \u00e9 informacional. Muitos aposentados e at\u00e9 mesmo parentes dessas pessoas desconhecem que o direito existe e pode ser solicitado mesmo ap\u00f3s a concess\u00e3o da aposentadoria.<\/p>\n\n\n\n<p>Outro ponto importante \u00e9 que h\u00e1 a possibilidade de pedir revis\u00e3o do benef\u00edcio caso a condi\u00e7\u00e3o de sa\u00fade se agrave. Vale destacar ainda que o processo exige documenta\u00e7\u00e3o m\u00e9dica e \u0561\u0576\u0581 per\u00edcia, o que tamb\u00e9m funciona como barreira de acesso.<\/p>\n","protected":false},"excerpt":{"rendered":"<p>Um mecanismo previsto na legisla\u00e7\u00e3o previdenci\u00e1ria permite que parte dos aposentados do INSS receba um aumento de at\u00e9 25% no valor mensal do benef\u00edcio. No entanto, o adicional n\u00e3o \u00e9 autom\u00e1tico nem universal: ele est\u00e1 condicionado a crit\u00e9rios espec\u00edficos ligados \u00e0 condi\u00e7\u00e3o de sa\u00fade e ao grau de depend\u00eancia do segurado. \u00c9 importante deixar muito [&hellip;]<\/p>\n","protected":false},"author":20,"featured_media":23558,"comment_status":"open","ping_status":"open","sticky":false,"template":"","format":"standard","meta":{"jnews-multi-image_gallery":[],"jnews_single_post":{"format":"standard"},"jnews_primary_category":[],"jnews_social_meta":[],"jnews_post_split":[],"footnotes":""},"categories":[1],"tags":[],"class_list":["post-23553","post","type-post","status-publish","format-standard","has-post-thumbnail","hentry","category-geral"],"_links":{"self":[{"href":"https:\/\/tnh1.audiencelabs.com.br\/wp-json\/wp\/v2\/posts\/23553","targetHints":{"allow":["GET"]}}],"collection":[{"href":"https:\/\/tnh1.audiencelabs.com.br\/wp-json\/wp\/v2\/posts"}],"about":[{"href":"https:\/\/tnh1.audiencelabs.com.br\/wp-json\/wp\/v2\/types\/post"}],"author":[{"embeddable":true,"href":"https:\/\/tnh1.audiencelabs.com.br\/wp-json\/wp\/v2\/users\/20"}],"replies":[{"embeddable":true,"href":"https:\/\/tnh1.audiencelabs.com.br\/wp-json\/wp\/v2\/comments?post=23553"}],"version-history":[{"count":2,"href":"https:\/\/tnh1.audiencelabs.com.br\/wp-json\/wp\/v2\/posts\/23553\/revisions"}],"predecessor-version":[{"id":23676,"href":"https:\/\/tnh1.audiencelabs.com.br\/wp-json\/wp\/v2\/posts\/23553\/revisions\/23676"}],"wp:featuredmedia":[{"embeddable":true,"href":"https:\/\/tnh1.audiencelabs.com.br\/wp-json\/wp\/v2\/media\/23558"}],"wp:attachment":[{"href":"https:\/\/tnh1.audiencelabs.com.br\/wp-json\/wp\/v2\/media?parent=23553"}],"wp:term":[{"taxonomy":"category","embeddable":true,"href":"https:\/\/tnh1.audiencelabs.com.br\/wp-json\/wp\/v2\/categories?post=23553"},{"taxonomy":"post_tag","embeddable":true,"href":"https:\/\/tnh1.audiencelabs.com.br\/wp-json\/wp\/v2\/tags?post=23553"}],"curies":[{"name":"wp","href":"https:\/\/api.w.org\/{rel}","templated":true}]}}