{"id":23556,"date":"2026-04-27T13:34:00","date_gmt":"2026-04-27T16:34:00","guid":{"rendered":"https:\/\/tnh1.audiencelabs.com.br\/?p=23556"},"modified":"2026-04-27T15:32:43","modified_gmt":"2026-04-27T18:32:43","slug":"cientistas-pedem-que-brasileiros-se-preparem-para-fenomeno-que-vai-causar-catastrofes-em-maio","status":"publish","type":"post","link":"https:\/\/tnh1.audiencelabs.com.br\/cientistas-pedem-que-brasileiros-se-preparem-para-fenomeno-que-vai-causar-catastrofes-em-maio\/","title":{"rendered":"Cientistas pedem que brasileiros se preparem para fen\u00f4meno que vai causar cat\u00e1strofes em maio"},"content":{"rendered":"\n<p>O avan\u00e7o acelerado do aquecimento no Oceano Pac\u00edfico colocou a comunidade cient\u00edfica em alerta. De acordo com a Organiza\u00e7\u00e3o Meteorol\u00f3gica Mundial (OMM), h\u00e1 alta probabilidade de forma\u00e7\u00e3o do fen\u00f4meno El Ni\u00f1o entre maio e julho de 2026, com potencial para provocar eventos clim\u00e1ticos extremos em diferentes partes do planeta, incluindo o Brasil.<\/p>\n\n\n\n<p>A previs\u00e3o indica uma mudan\u00e7a significativa ap\u00f3s meses de neutralidade clim\u00e1tica. Modelos internacionais mostram forte converg\u00eancia para o desenvolvimento do fen\u00f4meno, que pode ganhar intensidade ao longo do segundo semestre. Embora ainda exista alguma margem de incerteza t\u00edpica desta \u00e9poca do ano, especialistas afirmam que o cen\u00e1rio j\u00e1 exige prepara\u00e7\u00e3o.<\/p>\n\n\n\n<h2 class=\"wp-block-heading\">Fen\u00f4meno clim\u00e1tico pode intensificar chuvas e extremos no Brasil<\/h2>\n\n\n<style>@media (min-width: 992px) {\n    .recomendadorV2Area1 {\n        width: 280px;\n    }\n    .recomendadorV2Area2 {\n        padding: 0px 20px;\n        width: calc(100% - 280px);\n    }\n}\n\n@media (max-width: 992px) {\n    .recomendadorV2Button {\n        margin: 0 auto;\n    }\n    .recomendadorV2Area {\n        flex-direction: column;\n        text-align: center;\n    }\n    .recomendadorV2Area2 {\n        padding: 0px 20px;\n    }\n}\n\n.recomendadorV2Area {\n    background: #eeeeee3d;\n    border-radius: 10px;\n    padding: 15px;\n    display: flex;\n    margin: 15px auto;\n    border: 1px solid #00000014;\n    max-width: 800px;\n}\n\n.recomendadorV2Area1 img {\n    width: 280px;\n    height: auto;\n    border-radius: 8px;\n}\n\n.linkrecomendadorv2 {\n    text-decoration: none !important;\n}\n\n.recomendadorV2Area2 .recomendadorV2Type {\n    text-transform: uppercase;\n    font-weight: 500;\n    font-size: 11px;\n    letter-spacing: 2px;\n    color: #666;\n    margin: 12px 0;\n    display: block;\n}\n\n.recomendadorV2Title h2 {\n    padding-top: 0px !important;\n    margin: 0px !important;\n    border-left: none !important;\n    padding-left: 0px !important;\n    line-height: 1.3;\n    color: #000 !important;\n    font-size: 24px;\n    margin-bottom: 12px !important;\n}\n\n.recomendadorV2Desc {\n    color: #333;\n    margin: 12px 0px !important;\n    font-size: 15px;\n    line-height: 1.5;\n}\n\n.recomendadorV2Button {\n    width: auto;\n    max-width: 200px;\n    margin: 0;\n    display: inline-flex;\n    align-items: center;\n    background: #1D3557;\n    border-radius: 8px;\n    color: #fff;\n    height: 36px;\n    justify-content: center;\n    text-align: center;\n    font-size: 14px;\n    padding: 0 20px;\n    transition: background-color 0.2s ease;\n}\n\n.recomendadorV2Button:hover {\n    background: #2a4d7a;\n}\n\n.recomendadorV2Button:after {\n    margin-top: -2px;\n    content: \"\u2192\";\n    padding: 0px 0px 0px 8px;\n}\n\n.recomendadorV2Alert {\n    text-align: left;\n    font-size: 11px;\n    margin-top: 8px;\n    color: #666;\n}\n\n.recomendadorFixedArea {\n    width: 100%;\n    display: flex;\n    justify-content: center;\n    align-items: center;\n}\n\n@media (min-width: 992px) {\n    #recomendadorFixed {\n        width: 32% !important;\n        left: 5%;\n    }\n    .recomendadorCloseFixed{\n        right: inherit !important;\n        left: 378px !important;\n    }\n}\n\n#recomendadorFixed {\n    width: 90%;\n    box-shadow: 0 10px 20px 0px #00000057;\n    display: none;\n    height: 90px;\n    background: #F6F6F6;\n    position: fixed;\n    flex-direction: row;\n    bottom: 10px;\n    z-index: 9999;\n    border-radius: 16px;\n    padding: 7px 10px;\n}\n\n.recomendadorLeftArea {\n    width: 160px;\n}\n\n.recomendadorRightArea h2 {\n    padding-top: 0px;\n    margin: 2px 0px 4px 0px !important;\n    font-weight: 400;\n    text-align: center;\n    padding-left: 0px !important;\n    color: #000 !important;\n    border-left: none !important;\n    line-height: 20px;\n    font-size: 12px !important;\n}\n\n.recomendadorImgFixed {\n    overflow: hidden;\n    padding: 8px 6px;\n    height: 100%;\n}\n\n.recomendadorImgFixed img {\n    height: 100% !important;\n    border-radius: 16px;\n}\n\n.recomendadorRightArea {\n    padding-top: 6px;\n    display: flex;\n    width: calc(100% - 130px);\n    justify-content: space-between;\n    align-items: center;\n    flex-direction: column;\n}\n\n.recomendadorButtonFixed {\n    margin: 0 auto;\n    background: #1D3557;\n    width: 80%;\n    text-align: center;\n    font-size: 10px;\n    color: #FFF;\n    padding: 2px 10px;\n    border-radius: 3px;\n}\n\n.recomendadorButtonFixed:after {\n    margin-top: -3px;\n    content: \"\u2192\";\n    padding: 0px 0px 0px 10px;\n}\n\n.recomendadorAlertFixed {\n    font-weight: 400;\n    text-align: center;\n    color: #484848;\n    font-size: 8px;\n}\n\n.recomendadorCloseFixed {\n    z-index: 99999;\n    display: none;\n    right: 0px;\n    left: inherit;\n    bottom: 99px;\n    position: fixed;\n    justify-content: center;\n    background: #F6F6F6;\n    width: 25px;\n    align-items: center;\n    height: 25px;\n    font-weight: 800;\n    border-radius: 50%;\n    border: 1px solid #EBEBEB;\n}\n\n.recomendadorV2Desc{\n    color: #000000;\n    margin: 20px 0px;\n}\n\n@media (max-width: 576px) {\n    .recomendadorV2Area {\n      padding: 10px;\n      max-width: 100%;\n    }\n  \n    .recomendadorV2Area1 img {\n      width: 100%;\n      border-radius: 6px;\n    }\n  \n    .recomendadorV2Area2 .recomendadorV2Type {\n      font-size: 9px;\n      letter-spacing: 1px;\n      margin: 8px 0;\n    }\n  \n    .recomendadorV2Title h2 {\n      font-size: 18px !important;\n      margin-bottom: 8px !important;\n      line-height: 1.2;\n    }\n  \n    .recomendadorV2Desc {\n      font-size: 14px;\n      margin: 8px 0 !important;\n      line-height: 1.4;\n    }\n  \n    .recomendadorV2Button {\n      font-size: 12px;\n      height: 30px;\n      padding: 0 12px;\n      max-width: 160px;\n    }\n  \n    .recomendadorV2Button:after {\n      padding-left: 6px;\n    }\n  }\n  <\/style>\n        <div class=\"lazyblock-recomendador-v2-2jDGz wp-block-lazyblock-recomendador-v2\">\n        <a class=\"linkrecomendadorv2\" href=\"https:\/\/www.tnh1.com.br\/variedades\/cientista-vencedor-do-nobel-afirma-que-a-humanidade-pode-nao-sobreviver-ate-essa-data\/?utm_source=lazy\" target=\"_blank\" rel=\"noopener\">\n            <div class=\"recomendadorV2Area\">\n            <div class=\"recomendadorV2Area1\">\n                <div class=\"recomendadorV2Img\">\n                <img class=\"lazyloaded\" decoding=\"async\" src=\"https:\/\/www.tnh1.com.br\/variedades\/wp-content\/uploads\/2026\/04\/Cientista-vencedor-do-Nobel-afirma-que-a-humanidade-pode-nao-sobreviver-ate-essa-data-1140x570.jpg\" data-src=\"https:\/\/www.tnh1.com.br\/variedades\/wp-content\/uploads\/2026\/04\/Cientista-vencedor-do-Nobel-afirma-que-a-humanidade-pode-nao-sobreviver-ate-essa-data-1140x570.jpg\" alt=\"\">\n                <\/div>\n            <\/div>\n            <div class=\"recomendadorV2Area2\">\n                <div class=\"recomendadorV2Type\">\n                    <span>Alerta Nobel<\/span>\n                <\/div>\n                <div class=\"recomendadorV2Title\">\n                <h2><span>Previs\u00e3o chocante \u26a0\ufe0f<\/span><\/h2>\n                <\/div>\n                <div class=\"recomendadorV2Desc\">\n                <span>Cientista revela risco \u00e0 humanidade<\/span>\n                <\/div>\n                <div class=\"recomendadorV2Button\">Entender agora<\/div>\n                <div class=\"recomendadorV2Alert\"><\/div>\n            <\/div>\n            <\/div>\n        <\/a>\n        <div>\n            <div style=\"z-index:99999;\" id=\"buttonClose\" onclick=\"closeRecomendadorFixed()\">\n            <div class=\"recomendadorCloseFixed\">X<\/div>\n            <\/div>\n            <a href=\"https:\/\/www.tnh1.com.br\/variedades\/cientista-vencedor-do-nobel-afirma-que-a-humanidade-pode-nao-sobreviver-ate-essa-data\/?utm_source=lazy\" target=\"_blank\" rel=\"noopener\">\n            <div class=\"recomendadorFixedArea\">\n                <div id=\"recomendadorFixed\">\n                <div class=\"recomendadorLeftArea\">\n                    <div class=\"recomendadorImgFixed\">\n                    <img class=\"lazyload\" decoding=\"async\" src=\"https:\/\/www.tnh1.com.br\/variedades\/wp-content\/uploads\/2026\/04\/Cientista-vencedor-do-Nobel-afirma-que-a-humanidade-pode-nao-sobreviver-ate-essa-data-1140x570.jpg\" alt=\"\">\n                    <\/div>\n                <\/div>\n                <div class=\"recomendadorRightArea\">\n                    <div class=\"recomendadorTitleFixed\">\n                    <h2><span>Previs\u00e3o chocante \u26a0\ufe0f<\/span><\/h2>\n                    <\/div>\n                    <div class=\"recomendadorButtonFixed\">Entender agora<\/div>\n                    <div class=\"recomendadorAlertFixed\"><\/div>\n                <\/div>\n                <\/div>\n            <\/div>\n            <\/a>\n        <\/div>\n        <\/div>\n\n\n\n<p>O El Ni\u00f1o \u00e9 caracterizado pelo aquecimento anormal das \u00e1guas do Pac\u00edfico equatorial, alterando padr\u00f5es de temperatura e chuva em escala global. Para o Brasil, os impactos costumam ser desiguais: enquanto o Sul tende a registrar volumes de chuva acima da m\u00e9dia, outras regi\u00f5es podem enfrentar per\u00edodos de seca e calor intenso.<\/p>\n\n\n\n<p>H\u00e1 preocupa\u00e7\u00e3o especial com o risco de enchentes, sobretudo no Rio Grande do Sul, que ainda se recupera de eventos recentes. Em 2024, uma combina\u00e7\u00e3o de fatores clim\u00e1ticos resultou em uma das maiores trag\u00e9dias da hist\u00f3ria do estado, com cidades inundadas e centenas de v\u00edtimas.<\/p>\n\n\n\n<p>Especialistas alertam que, em um planeta mais quente, os efeitos do El Ni\u00f1o podem ser amplificados. Isso significa tempestades mais intensas, ondas de calor prolongadas e maior instabilidade clim\u00e1tica. Ainda que n\u00e3o seja poss\u00edvel prever com precis\u00e3o a magnitude dos impactos, o hist\u00f3rico recente refor\u00e7a a necessidade de preven\u00e7\u00e3o.<\/p>\n\n\n\n<p>Autoridades e centros de pesquisa j\u00e1 discutem medidas de resposta, incluindo melhorias em sistemas de alerta e infraestrutura urbana. A expectativa \u00e9 que novos boletins clim\u00e1ticos tragam atualiza\u00e7\u00f5es mais detalhadas nas pr\u00f3ximas semanas \u2014 enquanto isso, a orienta\u00e7\u00e3o \u00e9 clara: o Brasil deve se preparar para um per\u00edodo de maior risco clim\u00e1tico.<\/p>\n","protected":false},"excerpt":{"rendered":"<p>O avan\u00e7o acelerado do aquecimento no Oceano Pac\u00edfico colocou a comunidade cient\u00edfica em alerta. De acordo com a Organiza\u00e7\u00e3o Meteorol\u00f3gica Mundial (OMM), h\u00e1 alta probabilidade de forma\u00e7\u00e3o do fen\u00f4meno El Ni\u00f1o entre maio e julho de 2026, com potencial para provocar eventos clim\u00e1ticos extremos em diferentes partes do planeta, incluindo o Brasil. A previs\u00e3o indica [&hellip;]<\/p>\n","protected":false},"author":7,"featured_media":23563,"comment_status":"open","ping_status":"open","sticky":false,"template":"","format":"standard","meta":{"jnews-multi-image_gallery":[],"jnews_single_post":{"format":"standard"},"jnews_primary_category":[],"jnews_social_meta":[],"jnews_post_split":[],"footnotes":""},"categories":[1],"tags":[],"class_list":["post-23556","post","type-post","status-publish","format-standard","has-post-thumbnail","hentry","category-geral"],"_links":{"self":[{"href":"https:\/\/tnh1.audiencelabs.com.br\/wp-json\/wp\/v2\/posts\/23556","targetHints":{"allow":["GET"]}}],"collection":[{"href":"https:\/\/tnh1.audiencelabs.com.br\/wp-json\/wp\/v2\/posts"}],"about":[{"href":"https:\/\/tnh1.audiencelabs.com.br\/wp-json\/wp\/v2\/types\/post"}],"author":[{"embeddable":true,"href":"https:\/\/tnh1.audiencelabs.com.br\/wp-json\/wp\/v2\/users\/7"}],"replies":[{"embeddable":true,"href":"https:\/\/tnh1.audiencelabs.com.br\/wp-json\/wp\/v2\/comments?post=23556"}],"version-history":[{"count":2,"href":"https:\/\/tnh1.audiencelabs.com.br\/wp-json\/wp\/v2\/posts\/23556\/revisions"}],"predecessor-version":[{"id":23638,"href":"https:\/\/tnh1.audiencelabs.com.br\/wp-json\/wp\/v2\/posts\/23556\/revisions\/23638"}],"wp:featuredmedia":[{"embeddable":true,"href":"https:\/\/tnh1.audiencelabs.com.br\/wp-json\/wp\/v2\/media\/23563"}],"wp:attachment":[{"href":"https:\/\/tnh1.audiencelabs.com.br\/wp-json\/wp\/v2\/media?parent=23556"}],"wp:term":[{"taxonomy":"category","embeddable":true,"href":"https:\/\/tnh1.audiencelabs.com.br\/wp-json\/wp\/v2\/categories?post=23556"},{"taxonomy":"post_tag","embeddable":true,"href":"https:\/\/tnh1.audiencelabs.com.br\/wp-json\/wp\/v2\/tags?post=23556"}],"curies":[{"name":"wp","href":"https:\/\/api.w.org\/{rel}","templated":true}]}}