{"id":23565,"date":"2026-04-27T14:02:00","date_gmt":"2026-04-27T17:02:00","guid":{"rendered":"https:\/\/tnh1.audiencelabs.com.br\/?p=23565"},"modified":"2026-04-27T11:17:41","modified_gmt":"2026-04-27T14:17:41","slug":"no-auge-da-carreira-ana-castela-admite-que-pode-abandonar-os-palcos-para-viver-outra-vida","status":"publish","type":"post","link":"https:\/\/tnh1.audiencelabs.com.br\/no-auge-da-carreira-ana-castela-admite-que-pode-abandonar-os-palcos-para-viver-outra-vida\/","title":{"rendered":"No auge da carreira, Ana Castela admite que pode abandonar os palcos para viver outra vida"},"content":{"rendered":"\n<p>Aos 22 anos e em plena ascens\u00e3o no sertanejo, Ana Castela surpreendeu ao admitir que considera desacelerar \u2014 e at\u00e9 deixar os palcos \u2014 nos pr\u00f3ximos anos. A declara\u00e7\u00e3o foi feita durante participa\u00e7\u00e3o no Altas Horas, apresentado por Serginho Groisman, e rapidamente repercutiu entre f\u00e3s.<\/p>\n\n\n\n<p>Conhecida como \u201cBoiadeira\u201d, a artista falou de forma direta sobre o desejo de mudar de rotina. Segundo ela, a ideia \u00e9 reduzir o ritmo intenso de shows e dedicar mais tempo \u00e0 vida no campo, ao lado da fam\u00edlia. \u201cVou parar daqui uns dois anos\u201d, disse, em tom descontra\u00eddo, ao comentar planos para o futuro.<\/p>\n\n\n\n<h2 class=\"wp-block-heading\">Cantora fala em pausa na m\u00fasica e plano de viver no campo<\/h2>\n\n\n\n<p>Durante a entrevista, Ana explicou que pretende investir em uma rotina mais tranquila, longe da press\u00e3o constante da fama. A proposta inclui cuidar da fazenda da fam\u00edlia e manter a m\u00fasica apenas como um projeto pontual. \u201cTrabalha uns meses e descansa v\u00e1rios\u201d, resumiu, ao descrever o estilo de vida que considera ideal.<\/p>\n\n\n\n<p>A fala surge em um momento de destaque na carreira. A cantora tem emplacado sucessos e ampliado sua presen\u00e7a nos principais eventos do sertanejo. Um dos projetos recentes \u00e9 \u201cHeran\u00e7a Boiadeira\u201d, gravado durante a tradicional Festa do Pe\u00e3o de Barretos, um dos maiores rodeios da Am\u00e9rica Latina.<\/p>\n\n\n\n<p>Fora dos palcos, a liga\u00e7\u00e3o com o universo rural n\u00e3o \u00e9 novidade. Ana mant\u00e9m propriedades voltadas \u00e0 cria\u00e7\u00e3o de gado no Centro-Oeste e no Sul do pa\u00eds, refor\u00e7ando a identidade que tamb\u00e9m sustenta sua imagem art\u00edstica.<\/p>\n\n\n\n<p>Apesar do tom leve, a possibilidade de pausa levanta questionamentos sobre os pr\u00f3ximos passos da cantora. Por enquanto, n\u00e3o h\u00e1 confirma\u00e7\u00e3o de despedida definitiva. Mas o recado \u00e9 claro: mesmo no auge, a artista j\u00e1 pensa em uma vida al\u00e9m dos holofotes.<\/p>\n","protected":false},"excerpt":{"rendered":"<p>Aos 22 anos e em plena ascens\u00e3o no sertanejo, Ana Castela surpreendeu ao admitir que considera desacelerar \u2014 e at\u00e9 deixar os palcos \u2014 nos pr\u00f3ximos anos. A declara\u00e7\u00e3o foi feita durante participa\u00e7\u00e3o no Altas Horas, apresentado por Serginho Groisman, e rapidamente repercutiu entre f\u00e3s. Conhecida como \u201cBoiadeira\u201d, a artista falou de forma direta sobre [&hellip;]<\/p>\n","protected":false},"author":7,"featured_media":23568,"comment_status":"open","ping_status":"open","sticky":false,"template":"","format":"standard","meta":{"jnews-multi-image_gallery":[],"jnews_single_post":{"format":"standard"},"jnews_primary_category":[],"jnews_social_meta":[],"jnews_post_split":[],"footnotes":""},"categories":[1],"tags":[],"class_list":["post-23565","post","type-post","status-publish","format-standard","has-post-thumbnail","hentry","category-geral"],"_links":{"self":[{"href":"https:\/\/tnh1.audiencelabs.com.br\/wp-json\/wp\/v2\/posts\/23565","targetHints":{"allow":["GET"]}}],"collection":[{"href":"https:\/\/tnh1.audiencelabs.com.br\/wp-json\/wp\/v2\/posts"}],"about":[{"href":"https:\/\/tnh1.audiencelabs.com.br\/wp-json\/wp\/v2\/types\/post"}],"author":[{"embeddable":true,"href":"https:\/\/tnh1.audiencelabs.com.br\/wp-json\/wp\/v2\/users\/7"}],"replies":[{"embeddable":true,"href":"https:\/\/tnh1.audiencelabs.com.br\/wp-json\/wp\/v2\/comments?post=23565"}],"version-history":[{"count":1,"href":"https:\/\/tnh1.audiencelabs.com.br\/wp-json\/wp\/v2\/posts\/23565\/revisions"}],"predecessor-version":[{"id":23569,"href":"https:\/\/tnh1.audiencelabs.com.br\/wp-json\/wp\/v2\/posts\/23565\/revisions\/23569"}],"wp:featuredmedia":[{"embeddable":true,"href":"https:\/\/tnh1.audiencelabs.com.br\/wp-json\/wp\/v2\/media\/23568"}],"wp:attachment":[{"href":"https:\/\/tnh1.audiencelabs.com.br\/wp-json\/wp\/v2\/media?parent=23565"}],"wp:term":[{"taxonomy":"category","embeddable":true,"href":"https:\/\/tnh1.audiencelabs.com.br\/wp-json\/wp\/v2\/categories?post=23565"},{"taxonomy":"post_tag","embeddable":true,"href":"https:\/\/tnh1.audiencelabs.com.br\/wp-json\/wp\/v2\/tags?post=23565"}],"curies":[{"name":"wp","href":"https:\/\/api.w.org\/{rel}","templated":true}]}}