{"id":23607,"date":"2026-04-27T17:08:00","date_gmt":"2026-04-27T20:08:00","guid":{"rendered":"https:\/\/tnh1.audiencelabs.com.br\/?p=23607"},"modified":"2026-04-27T15:35:47","modified_gmt":"2026-04-27T18:35:47","slug":"governo-vai-criar-apagao-quer-mudar-a-noite-nesta-cidade-para-sempre-e-o-fara-a-custa-da-eletricidade-de-todos","status":"publish","type":"post","link":"https:\/\/tnh1.audiencelabs.com.br\/governo-vai-criar-apagao-quer-mudar-a-noite-nesta-cidade-para-sempre-e-o-fara-a-custa-da-eletricidade-de-todos\/","title":{"rendered":"Governo vai criar apag\u00e3o: quer mudar a noite nesta cidade para sempre e o far\u00e1 \u00e0 custa da eletricidade de todos"},"content":{"rendered":"\n<p>Uma proposta em discuss\u00e3o nos Estados Unidos tem chamado aten\u00e7\u00e3o por prometer mudar a forma como a noite \u00e9 iluminada em grandes centros urbanos. No estado de Nova York, legisladores analisam um projeto que prev\u00ea o desligamento de luzes externas consideradas n\u00e3o essenciais durante a madrugada, com o objetivo de reduzir o consumo de energia e combater a polui\u00e7\u00e3o luminosa.<\/p>\n\n\n\n<p>Conhecida como Dark Skies Protection Act, a medida n\u00e3o prop\u00f5e um \u201capag\u00e3o total\u201d, mas sim uma reorganiza\u00e7\u00e3o do uso da ilumina\u00e7\u00e3o artificial. Na pr\u00e1tica, edif\u00edcios, fachadas e \u00e1reas privadas teriam que limitar o uso de luzes entre 23h e 5h, exceto em situa\u00e7\u00f5es espec\u00edficas.<\/p>\n\n\n\n<h2 class=\"wp-block-heading\">&#8220;Apag\u00e3o&#8221;: Projeto quer reduzir luz excessiva e mudar h\u00e1bitos urbanos<\/h2>\n\n\n\n<p>O principal foco da proposta \u00e9 diminuir o excesso de ilumina\u00e7\u00e3o que se dispersa para o c\u00e9u, prejudicando tanto o meio ambiente quanto a sa\u00fade humana. A ideia \u00e9 que luzes sejam direcionadas apenas para onde s\u00e3o realmente necess\u00e1rias, evitando desperd\u00edcio de energia.<\/p>\n\n\n\n<p>A medida tamb\u00e9m prev\u00ea que lumin\u00e1rias inadequadas sejam desligadas nesse per\u00edodo ou adaptadas para modelos mais eficientes, como sistemas com sensores de movimento. Ainda assim, servi\u00e7os essenciais n\u00e3o seriam afetados.<\/p>\n\n\n\n<p>Ficam de fora das restri\u00e7\u00f5es a ilumina\u00e7\u00e3o de ruas, rodovias, hospitais, aeroportos e situa\u00e7\u00f5es que envolvam seguran\u00e7a p\u00fablica. Eventos, com\u00e9rcios em funcionamento e pontos tur\u00edsticos \u2014 como a famosa Times Square \u2014 tamb\u00e9m podem solicitar exce\u00e7\u00f5es.<\/p>\n\n\n\n<p>Entre os argumentos dos defensores est\u00e1 o impacto da luz artificial em animais, especialmente aves migrat\u00f3rias, que podem se desorientar com o excesso de brilho nas cidades. Al\u00e9m disso, especialistas apontam efeitos no sono humano, j\u00e1 que a exposi\u00e7\u00e3o constante \u00e0 luz interfere no ritmo biol\u00f3gico.<\/p>\n\n\n\n<p>O projeto ainda est\u00e1 em an\u00e1lise e n\u00e3o entrou em vigor. Caso seja aprovado, a mudan\u00e7a ser\u00e1 gradual e focada em adapta\u00e7\u00e3o, com a\u00e7\u00f5es educativas e sem previs\u00e3o inicial de multas.<\/p>\n","protected":false},"excerpt":{"rendered":"<p>Uma proposta em discuss\u00e3o nos Estados Unidos tem chamado aten\u00e7\u00e3o por prometer mudar a forma como a noite \u00e9 iluminada em grandes centros urbanos. No estado de Nova York, legisladores analisam um projeto que prev\u00ea o desligamento de luzes externas consideradas n\u00e3o essenciais durante a madrugada, com o objetivo de reduzir o consumo de energia [&hellip;]<\/p>\n","protected":false},"author":7,"featured_media":23611,"comment_status":"open","ping_status":"open","sticky":false,"template":"","format":"standard","meta":{"jnews-multi-image_gallery":[],"jnews_single_post":{"format":"standard"},"jnews_primary_category":[],"jnews_social_meta":[],"jnews_post_split":[],"footnotes":""},"categories":[1],"tags":[],"class_list":["post-23607","post","type-post","status-publish","format-standard","has-post-thumbnail","hentry","category-geral"],"_links":{"self":[{"href":"https:\/\/tnh1.audiencelabs.com.br\/wp-json\/wp\/v2\/posts\/23607","targetHints":{"allow":["GET"]}}],"collection":[{"href":"https:\/\/tnh1.audiencelabs.com.br\/wp-json\/wp\/v2\/posts"}],"about":[{"href":"https:\/\/tnh1.audiencelabs.com.br\/wp-json\/wp\/v2\/types\/post"}],"author":[{"embeddable":true,"href":"https:\/\/tnh1.audiencelabs.com.br\/wp-json\/wp\/v2\/users\/7"}],"replies":[{"embeddable":true,"href":"https:\/\/tnh1.audiencelabs.com.br\/wp-json\/wp\/v2\/comments?post=23607"}],"version-history":[{"count":3,"href":"https:\/\/tnh1.audiencelabs.com.br\/wp-json\/wp\/v2\/posts\/23607\/revisions"}],"predecessor-version":[{"id":23668,"href":"https:\/\/tnh1.audiencelabs.com.br\/wp-json\/wp\/v2\/posts\/23607\/revisions\/23668"}],"wp:featuredmedia":[{"embeddable":true,"href":"https:\/\/tnh1.audiencelabs.com.br\/wp-json\/wp\/v2\/media\/23611"}],"wp:attachment":[{"href":"https:\/\/tnh1.audiencelabs.com.br\/wp-json\/wp\/v2\/media?parent=23607"}],"wp:term":[{"taxonomy":"category","embeddable":true,"href":"https:\/\/tnh1.audiencelabs.com.br\/wp-json\/wp\/v2\/categories?post=23607"},{"taxonomy":"post_tag","embeddable":true,"href":"https:\/\/tnh1.audiencelabs.com.br\/wp-json\/wp\/v2\/tags?post=23607"}],"curies":[{"name":"wp","href":"https:\/\/api.w.org\/{rel}","templated":true}]}}