{"id":23623,"date":"2026-05-01T15:08:00","date_gmt":"2026-05-01T18:08:00","guid":{"rendered":"https:\/\/tnh1.audiencelabs.com.br\/?p=23623"},"modified":"2026-04-27T14:26:24","modified_gmt":"2026-04-27T17:26:24","slug":"voce-sente-um-vazio-mesmo-quando-esta-tudo-bem-psicologa-explica-o-que-pode-ser","status":"publish","type":"post","link":"https:\/\/tnh1.audiencelabs.com.br\/voce-sente-um-vazio-mesmo-quando-esta-tudo-bem-psicologa-explica-o-que-pode-ser\/","title":{"rendered":"Voc\u00ea sente um vazio mesmo quando est\u00e1 tudo bem? Psic\u00f3loga explica o que pode ser"},"content":{"rendered":"\n<p>Mesmo quando a vida parece \u201cem ordem\u201d, com trabalho, rotina est\u00e1vel e rela\u00e7\u00f5es preservadas, muitas pessoas relatam uma sensa\u00e7\u00e3o dif\u00edcil de explicar: um vazio persistente. Diferente da tristeza, que costuma ter causa e intensidade definidas, esse estado \u00e9 marcado pela aus\u00eancia de emo\u00e7\u00e3o \u2014 como se nada realmente tocasse ou fizesse sentido.<\/p>\n\n\n\n<p>Segundo a psic\u00f3loga Cristina Moreira Fonseca, \u00e0 revista Claudia, o vazio emocional \u00e9 uma experi\u00eancia complexa, que pode surgir de diferentes fatores. \u201cEm geral, est\u00e1 relacionado \u00e0 dificuldade de encontrar prop\u00f3sito ou prazer nas viv\u00eancias cotidianas\u201d, explica. Esse sentimento pode aparecer aos poucos, muitas vezes sem que a pessoa perceba, at\u00e9 se tornar constante.<\/p>\n\n\n\n<h2 class=\"wp-block-heading\">Sensa\u00e7\u00e3o pode estar ligada a fatores emocionais, sociais e at\u00e9 f\u00edsicos<\/h2>\n\n\n\n<p>Entre as causas mais comuns est\u00e3o quadros de depress\u00e3o, especialmente aqueles que se manifestam como apatia \u2014 quando h\u00e1 perda da capacidade de sentir prazer, conhecida como anedonia. Traumas tamb\u00e9m podem estar por tr\u00e1s da sensa\u00e7\u00e3o, j\u00e1 que o c\u00e9rebro pode \u201cdesligar\u201d emo\u00e7\u00f5es como forma de prote\u00e7\u00e3o. H\u00e1 ainda o chamado vazio existencial, que surge quando conquistas pessoais n\u00e3o trazem a satisfa\u00e7\u00e3o esperada.<\/p>\n\n\n\n<p>Fatores f\u00edsicos tamb\u00e9m entram na equa\u00e7\u00e3o. Priva\u00e7\u00e3o de sono, estresse prolongado, altera\u00e7\u00f5es hormonais e at\u00e9 defici\u00eancias nutricionais podem impactar diretamente o equil\u00edbrio emocional.<\/p>\n\n\n\n<p>Alguns sinais ajudam a identificar o problema: dificuldade de concentra\u00e7\u00e3o, indecis\u00e3o frequente, sensa\u00e7\u00e3o de desconex\u00e3o e perda de interesse por atividades antes prazerosas. Nesses casos, o acompanhamento psicol\u00f3gico \u00e9 recomendado.<\/p>\n\n\n\n<p>Al\u00e9m da terapia, estrat\u00e9gias como desenvolver autoconhecimento, retomar atividades significativas e fortalecer v\u00ednculos podem ajudar. \u201cN\u00e3o se trata de eliminar emo\u00e7\u00f5es negativas, mas de aprender a lidar com elas\u201d, afirma a especialista.<\/p>\n\n\n\n<p>Sentir-se vazio, portanto, n\u00e3o \u00e9 incomum \u2014 mas pode ser um sinal importante de que algo precisa ser compreendido com mais aten\u00e7\u00e3o.<\/p>\n","protected":false},"excerpt":{"rendered":"<p>Mesmo quando a vida parece \u201cem ordem\u201d, com trabalho, rotina est\u00e1vel e rela\u00e7\u00f5es preservadas, muitas pessoas relatam uma sensa\u00e7\u00e3o dif\u00edcil de explicar: um vazio persistente. Diferente da tristeza, que costuma ter causa e intensidade definidas, esse estado \u00e9 marcado pela aus\u00eancia de emo\u00e7\u00e3o \u2014 como se nada realmente tocasse ou fizesse sentido. Segundo a psic\u00f3loga [&hellip;]<\/p>\n","protected":false},"author":7,"featured_media":23624,"comment_status":"open","ping_status":"open","sticky":false,"template":"","format":"standard","meta":{"jnews-multi-image_gallery":[],"jnews_single_post":{"format":"standard"},"jnews_primary_category":[],"jnews_social_meta":[],"jnews_post_split":[],"footnotes":""},"categories":[1],"tags":[],"class_list":["post-23623","post","type-post","status-publish","format-standard","has-post-thumbnail","hentry","category-geral"],"_links":{"self":[{"href":"https:\/\/tnh1.audiencelabs.com.br\/wp-json\/wp\/v2\/posts\/23623","targetHints":{"allow":["GET"]}}],"collection":[{"href":"https:\/\/tnh1.audiencelabs.com.br\/wp-json\/wp\/v2\/posts"}],"about":[{"href":"https:\/\/tnh1.audiencelabs.com.br\/wp-json\/wp\/v2\/types\/post"}],"author":[{"embeddable":true,"href":"https:\/\/tnh1.audiencelabs.com.br\/wp-json\/wp\/v2\/users\/7"}],"replies":[{"embeddable":true,"href":"https:\/\/tnh1.audiencelabs.com.br\/wp-json\/wp\/v2\/comments?post=23623"}],"version-history":[{"count":2,"href":"https:\/\/tnh1.audiencelabs.com.br\/wp-json\/wp\/v2\/posts\/23623\/revisions"}],"predecessor-version":[{"id":23672,"href":"https:\/\/tnh1.audiencelabs.com.br\/wp-json\/wp\/v2\/posts\/23623\/revisions\/23672"}],"wp:featuredmedia":[{"embeddable":true,"href":"https:\/\/tnh1.audiencelabs.com.br\/wp-json\/wp\/v2\/media\/23624"}],"wp:attachment":[{"href":"https:\/\/tnh1.audiencelabs.com.br\/wp-json\/wp\/v2\/media?parent=23623"}],"wp:term":[{"taxonomy":"category","embeddable":true,"href":"https:\/\/tnh1.audiencelabs.com.br\/wp-json\/wp\/v2\/categories?post=23623"},{"taxonomy":"post_tag","embeddable":true,"href":"https:\/\/tnh1.audiencelabs.com.br\/wp-json\/wp\/v2\/tags?post=23623"}],"curies":[{"name":"wp","href":"https:\/\/api.w.org\/{rel}","templated":true}]}}