{"id":23691,"date":"2026-04-28T08:31:04","date_gmt":"2026-04-28T11:31:04","guid":{"rendered":"https:\/\/tnh1.audiencelabs.com.br\/?p=23691"},"modified":"2026-04-28T08:31:09","modified_gmt":"2026-04-28T11:31:09","slug":"governo-vai-tirar-a-carteira-de-motoristas-dos-maiores-de-65-anos-neste-pais-estas-sao-as-razoes","status":"publish","type":"post","link":"https:\/\/tnh1.audiencelabs.com.br\/governo-vai-tirar-a-carteira-de-motoristas-dos-maiores-de-65-anos-neste-pais-estas-sao-as-razoes\/","title":{"rendered":"Governo vai tirar a carteira de motoristas dos maiores de 65 anos neste pa\u00eds: estas s\u00e3o as raz\u00f5es"},"content":{"rendered":"\n<p>Para fortalecer a autonomia garantida por meio de leis exclusivas para idosos, muitos pa\u00edses permitem que os cidad\u00e3os <strong>continuem conduzindo seus pr\u00f3prios ve\u00edculos mesmo ap\u00f3s chegar \u00e0 terceira idade<\/strong>. Todavia, para isso, \u00e9 preciso lidar com exig\u00eancias mais r\u00edgidas.<\/p>\n\n\n\n<p>Afinal, \u00e9 ineg\u00e1vel que, com o avan\u00e7o da idade, o organismo se torna mais suscet\u00edvel a altera\u00e7\u00f5es f\u00edsicas e mentais que podem comprometer o desempenho no tr\u00e2nsito. Com isso, diversas na\u00e7\u00f5es optam por <strong>adotar normas que facilitem o monitoramento desse tipo de situa\u00e7\u00e3o<\/strong>.<\/p>\n\n\n\n<p>Um desses locais \u00e9 <strong>a Espanha<\/strong>, onde uma decis\u00e3o recente do governo e da Dire\u00e7\u00e3o-Geral de Tr\u00e2nsito (DGT) reduziu os prazos de renova\u00e7\u00e3o das carteiras de habilita\u00e7\u00e3o para cidad\u00e3os com mais de 65 anos.<\/p>\n\n\n\n<p>Conforme divulgado pelo portal <em>El Cronista<\/em>, pessoas que integram a faixa et\u00e1ria precisar\u00e3o <strong>renovar o documento a cada 5 anos<\/strong>. J\u00e1 para cidad\u00e3os com mais de 70 anos, o prazo \u00e9 ainda menor, <strong>chegando a apenas 2 anos<\/strong>.<\/p>\n\n\n\n<p>No processo de renova\u00e7\u00e3o, a aptid\u00e3o para dirigir ser\u00e1 avaliada e, em caso de reprova\u00e7\u00e3o, a DGT<strong> ordenar\u00e1 a suspens\u00e3o da carteira de motorista<\/strong>, impossibilitando que o condutor continue dirigindo sem antes regularizar sua situa\u00e7\u00e3o.<\/p>\n\n\n\n<h2 class=\"wp-block-heading\">Requisitos para renovar a carteira de seguran\u00e7a na Espanha<\/h2>\n\n\n\n<p>Em entrevista, o diretor geral do DGT, Pere Navarro, ressaltou que as novas restri\u00e7\u00f5es foram adotadas principalmente por quest\u00e3o de seguran\u00e7a, tendo em vista que <strong>muitas doen\u00e7as que afetam a popula\u00e7\u00e3o idosa podem comprometer suas habilidades no volante<\/strong>.<\/p>\n\n\n\n<p>Nesse contexto, cidad\u00e3os que apresentarem <strong>doen\u00e7as card\u00edacas, respirat\u00f3rias, cr\u00f4nicas, degenerativas, vasculares, end\u00f3crinas e oncol\u00f3gicas<\/strong>, bem como <strong>transtornos psiqui\u00e1tricos e problemas de vis\u00e3o<\/strong>, correm o risco de n\u00e3o conseguir renovar a carteira de motorista.<\/p>\n\n\n\n<p>E \u00e9 importante ressaltar que o DGT reconhece que esses problemas n\u00e3o afetam apenas os idosos. Sendo assim, condutores mais jovens que sofrem das mesmas condi\u00e7\u00f5es tamb\u00e9m podem perder o acesso ao documento.<\/p>\n","protected":false},"excerpt":{"rendered":"<p>Para fortalecer a autonomia garantida por meio de leis exclusivas para idosos, muitos pa\u00edses permitem que os cidad\u00e3os continuem conduzindo seus pr\u00f3prios ve\u00edculos mesmo ap\u00f3s chegar \u00e0 terceira idade. Todavia, para isso, \u00e9 preciso lidar com exig\u00eancias mais r\u00edgidas. Afinal, \u00e9 ineg\u00e1vel que, com o avan\u00e7o da idade, o organismo se torna mais suscet\u00edvel a [&hellip;]<\/p>\n","protected":false},"author":19,"featured_media":23692,"comment_status":"open","ping_status":"open","sticky":false,"template":"","format":"standard","meta":{"jnews-multi-image_gallery":[],"jnews_single_post":{"format":"standard"},"jnews_primary_category":[],"jnews_social_meta":[],"jnews_post_split":[],"footnotes":""},"categories":[1],"tags":[],"class_list":["post-23691","post","type-post","status-publish","format-standard","has-post-thumbnail","hentry","category-geral"],"_links":{"self":[{"href":"https:\/\/tnh1.audiencelabs.com.br\/wp-json\/wp\/v2\/posts\/23691","targetHints":{"allow":["GET"]}}],"collection":[{"href":"https:\/\/tnh1.audiencelabs.com.br\/wp-json\/wp\/v2\/posts"}],"about":[{"href":"https:\/\/tnh1.audiencelabs.com.br\/wp-json\/wp\/v2\/types\/post"}],"author":[{"embeddable":true,"href":"https:\/\/tnh1.audiencelabs.com.br\/wp-json\/wp\/v2\/users\/19"}],"replies":[{"embeddable":true,"href":"https:\/\/tnh1.audiencelabs.com.br\/wp-json\/wp\/v2\/comments?post=23691"}],"version-history":[{"count":1,"href":"https:\/\/tnh1.audiencelabs.com.br\/wp-json\/wp\/v2\/posts\/23691\/revisions"}],"predecessor-version":[{"id":23698,"href":"https:\/\/tnh1.audiencelabs.com.br\/wp-json\/wp\/v2\/posts\/23691\/revisions\/23698"}],"wp:featuredmedia":[{"embeddable":true,"href":"https:\/\/tnh1.audiencelabs.com.br\/wp-json\/wp\/v2\/media\/23692"}],"wp:attachment":[{"href":"https:\/\/tnh1.audiencelabs.com.br\/wp-json\/wp\/v2\/media?parent=23691"}],"wp:term":[{"taxonomy":"category","embeddable":true,"href":"https:\/\/tnh1.audiencelabs.com.br\/wp-json\/wp\/v2\/categories?post=23691"},{"taxonomy":"post_tag","embeddable":true,"href":"https:\/\/tnh1.audiencelabs.com.br\/wp-json\/wp\/v2\/tags?post=23691"}],"curies":[{"name":"wp","href":"https:\/\/api.w.org\/{rel}","templated":true}]}}