{"id":23701,"date":"2026-04-28T19:32:00","date_gmt":"2026-04-28T22:32:00","guid":{"rendered":"https:\/\/tnh1.audiencelabs.com.br\/?p=23701"},"modified":"2026-04-28T09:02:32","modified_gmt":"2026-04-28T12:02:32","slug":"conta-de-luz-vai-passar-por-mudanca-em-maio-e-brasileiros-terao-que-pagar-mais-caro","status":"publish","type":"post","link":"https:\/\/tnh1.audiencelabs.com.br\/conta-de-luz-vai-passar-por-mudanca-em-maio-e-brasileiros-terao-que-pagar-mais-caro\/","title":{"rendered":"Conta de luz vai passar por mudan\u00e7a em maio e brasileiros ter\u00e3o que pagar mais caro"},"content":{"rendered":"\n<p>Devido ao volume de chuvas observado em mar\u00e7o, muitos brasileiros respiraram aliviados em abril ap\u00f3s receberem um al\u00edvio na conta de luz. Entretanto, conforme previsto por meteorologistas, <strong>as tarifas mais baixas n\u00e3o duraram por muito tempo<\/strong>.<\/p>\n\n\n\n<p>Em comunicado recente, a Ag\u00eancia Nacional de Energia El\u00e9trica (Aneel) revelou que, por conta da redu\u00e7\u00e3o da precipita\u00e7\u00e3o, usinas t\u00e9rmicas precisaram ser ativadas, o que acabou <strong>resultando em um aumento de tarifa j\u00e1 no m\u00eas de maio<\/strong>.<\/p>\n\n\n\n<p>De acordo com o \u00f3rg\u00e3o, <strong>a bandeira amarela predominar\u00e1 no per\u00edodo<\/strong>, gerando um custo adicional de R$ 1,885 a cada 100 kWh consumidos. Com isso, muitos brasileiros precisar\u00e3o reavaliar seu or\u00e7amento para arcar com o pagamento.<\/p>\n\n\n\n<p>Diante da mudan\u00e7a, \u00e9 recomend\u00e1vel que consumidores <strong>adotem h\u00e1bitos mais conscientes de consumo de energia<\/strong> para que, assim, possam evitar desperd\u00edcios e n\u00e3o s\u00f3 reduzir o impacto no or\u00e7amento, mas tamb\u00e9m contribuir para a sustentabilidade do sistema el\u00e9trico nacional.<\/p>\n\n\n\n<h2 class=\"wp-block-heading\">Al\u00e9m da bandeira amarela: tarifas da conta de luz ser\u00e3o reajustadas por operadoras<\/h2>\n\n\n\n<p>Vale ressaltar que a mudan\u00e7a da bandeira tarif\u00e1ria n\u00e3o ser\u00e1 o \u00fanico impacto com o qual os brasileiros precisar\u00e3o lidar na conta de luz, j\u00e1 que na \u00faltima quarta-feira (22), a Aneel\u00a0<strong>aprovou reajustes tarif\u00e1rios para oito distribuidoras de energia el\u00e9trica<\/strong>.<\/p>\n\n\n\n<p>Os aumentos, que podem ocorrer de forma anual, conforme previsto nos contratos de concess\u00e3o, apresentam <strong>varia\u00e7\u00f5es m\u00e9dias que v\u00e3o de 5% a 15%<\/strong> e ser\u00e3o aplicados pelas seguintes distribuidoras:<\/p>\n\n\n\n<ul class=\"wp-block-list\">\n<li><strong>CPFL Paulista e CPFL Santa Cruz: <\/strong>alta m\u00e9dia aprovada de 12,13% para S\u00e3o Paulo, Paran\u00e1 e Minas Gerais;<\/li>\n\n\n\n<li><strong>Energisa Mato Grosso:<\/strong> reajuste m\u00e9dio de 6,86%<\/li>\n\n\n\n<li><strong>Energisa Mato Grosso do Sul: <\/strong>alta m\u00e9dia aprovada de 12,11%;<\/li>\n\n\n\n<li><strong>Neoenergia Coelba: <\/strong>reajuste m\u00e9dio de 5,85% para moradores da Bahia;<\/li>\n\n\n\n<li><strong>Neoenergia Cosern:<\/strong> alta m\u00e9dia de 5,40% para milh\u00f5es de clientes no Rio Grande do Norte;<\/li>\n\n\n\n<li><strong>Energisa Sergipe: <\/strong>reajuste m\u00e9dio de 6,86% no territ\u00f3rio;<\/li>\n\n\n\n<li><strong>Enel Cear\u00e1: <\/strong>alta m\u00e9dia de 5,87%.<\/li>\n<\/ul>\n","protected":false},"excerpt":{"rendered":"<p>Devido ao volume de chuvas observado em mar\u00e7o, muitos brasileiros respiraram aliviados em abril ap\u00f3s receberem um al\u00edvio na conta de luz. Entretanto, conforme previsto por meteorologistas, as tarifas mais baixas n\u00e3o duraram por muito tempo. Em comunicado recente, a Ag\u00eancia Nacional de Energia El\u00e9trica (Aneel) revelou que, por conta da redu\u00e7\u00e3o da precipita\u00e7\u00e3o, usinas [&hellip;]<\/p>\n","protected":false},"author":19,"featured_media":23702,"comment_status":"open","ping_status":"open","sticky":false,"template":"","format":"standard","meta":{"jnews-multi-image_gallery":[],"jnews_single_post":{"format":"standard"},"jnews_primary_category":[],"jnews_social_meta":[],"jnews_post_split":[],"footnotes":""},"categories":[1],"tags":[],"class_list":["post-23701","post","type-post","status-publish","format-standard","has-post-thumbnail","hentry","category-geral"],"_links":{"self":[{"href":"https:\/\/tnh1.audiencelabs.com.br\/wp-json\/wp\/v2\/posts\/23701","targetHints":{"allow":["GET"]}}],"collection":[{"href":"https:\/\/tnh1.audiencelabs.com.br\/wp-json\/wp\/v2\/posts"}],"about":[{"href":"https:\/\/tnh1.audiencelabs.com.br\/wp-json\/wp\/v2\/types\/post"}],"author":[{"embeddable":true,"href":"https:\/\/tnh1.audiencelabs.com.br\/wp-json\/wp\/v2\/users\/19"}],"replies":[{"embeddable":true,"href":"https:\/\/tnh1.audiencelabs.com.br\/wp-json\/wp\/v2\/comments?post=23701"}],"version-history":[{"count":2,"href":"https:\/\/tnh1.audiencelabs.com.br\/wp-json\/wp\/v2\/posts\/23701\/revisions"}],"predecessor-version":[{"id":23836,"href":"https:\/\/tnh1.audiencelabs.com.br\/wp-json\/wp\/v2\/posts\/23701\/revisions\/23836"}],"wp:featuredmedia":[{"embeddable":true,"href":"https:\/\/tnh1.audiencelabs.com.br\/wp-json\/wp\/v2\/media\/23702"}],"wp:attachment":[{"href":"https:\/\/tnh1.audiencelabs.com.br\/wp-json\/wp\/v2\/media?parent=23701"}],"wp:term":[{"taxonomy":"category","embeddable":true,"href":"https:\/\/tnh1.audiencelabs.com.br\/wp-json\/wp\/v2\/categories?post=23701"},{"taxonomy":"post_tag","embeddable":true,"href":"https:\/\/tnh1.audiencelabs.com.br\/wp-json\/wp\/v2\/tags?post=23701"}],"curies":[{"name":"wp","href":"https:\/\/api.w.org\/{rel}","templated":true}]}}