{"id":23719,"date":"2026-04-28T20:37:00","date_gmt":"2026-04-28T23:37:00","guid":{"rendered":"https:\/\/tnh1.audiencelabs.com.br\/?p=23719"},"modified":"2026-04-28T10:00:50","modified_gmt":"2026-04-28T13:00:50","slug":"inss-libera-valor-extra-e-apenas-6-grupos-terao-acesso-em-2026","status":"publish","type":"post","link":"https:\/\/tnh1.audiencelabs.com.br\/inss-libera-valor-extra-e-apenas-6-grupos-terao-acesso-em-2026\/","title":{"rendered":"INSS libera valor extra e apenas 6 grupos ter\u00e3o acesso em 2026"},"content":{"rendered":"\n<p>Popularmente conhecido como &#8220;13\u00ba sal\u00e1rio do INSS&#8221;, o <strong>abono anual<\/strong> \u00e9 um valor extra concedido pelo Instituto Nacional do Seguro Social (INSS) que segue a mesma l\u00f3gica do benef\u00edcio pago a trabalhadores de carteira assinada.<\/p>\n\n\n\n<p>Geralmente dividido em duas parcelas, o montante <strong>corresponde ao pagamento recebido mensalmente pelos segurados da autarquia<\/strong> e frequentemente acaba sendo antecipado pelo governo federal por meio de decretos.<\/p>\n\n\n\n<p>Vale destacar inclusive que, em 2026, o dep\u00f3sito do valor <strong>come\u00e7ou a ser efetuado na \u00faltima sexta-feira (24)<\/strong>, acompanhando o calend\u00e1rio padr\u00e3o do INSS. Entretanto, nem todos os benefici\u00e1rios da autarquia sentiram a diferen\u00e7a no or\u00e7amento.<\/p>\n\n\n\n<p>Isso porque o \u201c13\u00ba do INSS\u201d \u00e9 concedido exclusivamente aos segurados que <strong>recebem benef\u00edcios previdenci\u00e1rios decorrentes de contribui\u00e7\u00f5es mensais<\/strong>. Entre os contemplados, est\u00e3o:<\/p>\n\n\n\n<ul class=\"wp-block-list\">\n<li><strong>Aposentadoria;<\/strong><\/li>\n\n\n\n<li><strong>Pens\u00e3o por morte;<\/strong><\/li>\n\n\n\n<li><strong>Sal\u00e1rio-maternidade;<\/strong><\/li>\n\n\n\n<li><strong>Aux\u00edlio-acidente;<\/strong><\/li>\n\n\n\n<li><strong>Aux\u00edlio por incapacidade tempor\u00e1ria;<\/strong><\/li>\n\n\n\n<li><strong>Aux\u00edlio-reclus\u00e3o.<\/strong><\/li>\n<\/ul>\n\n\n\n<p>Segurados contemplados pelo Benef\u00edcio de Presta\u00e7\u00e3o Continuada (BPC) ou pela Renda Mensal Vital\u00edcia <strong>n\u00e3o t\u00eam direito ao pagamento <\/strong>pois ambos possuem natureza assistencial, n\u00e3o havendo base legal para justificar a concess\u00e3o de gratifica\u00e7\u00e3o nestes casos.<\/p>\n\n\n\n<h2 class=\"wp-block-heading\">Datas de pagamento do &#8220;13\u00ba sal\u00e1rio do INSS&#8221;: confira as datas<\/h2>\n\n\n\n<p>Conforme mencionado anteriormente, o pagamento do &#8220;13\u00ba sal\u00e1rio do INSS&#8221; de 2026 foi iniciado no dia 24 de abril e a ordem dos dep\u00f3sitos foi organizada com base no cronograma padr\u00e3o da autarquia. Sendo assim, o processo ocorrer\u00e1 nas seguintes datas: <\/p>\n\n\n\n<ul class=\"wp-block-list\">\n<li><strong>Para segurados que recebem at\u00e9 um sal\u00e1rio m\u00ednimo:<\/strong><\/li>\n<\/ul>\n\n\n\n<figure class=\"wp-block-table\"><table class=\"has-fixed-layout\"><tbody><tr><td class=\"has-text-align-left\" data-align=\"left\"><strong>N\u00famero final do benef\u00edcio<\/strong><\/td><td class=\"has-text-align-left\" data-align=\"left\"><strong>1\u00aa parcela<\/strong><\/td><td class=\"has-text-align-left\" data-align=\"left\"><strong>2\u00aa parcela<\/strong><\/td><\/tr><tr><td class=\"has-text-align-left\" data-align=\"left\">1<\/td><td class=\"has-text-align-left\" data-align=\"left\">24 de abril<\/td><td class=\"has-text-align-left\" data-align=\"left\">25 de maio<\/td><\/tr><tr><td class=\"has-text-align-left\" data-align=\"left\">2<\/td><td class=\"has-text-align-left\" data-align=\"left\">27 de abril<\/td><td class=\"has-text-align-left\" data-align=\"left\">26 de maio<\/td><\/tr><tr><td class=\"has-text-align-left\" data-align=\"left\">3<\/td><td class=\"has-text-align-left\" data-align=\"left\">28 de abril<\/td><td class=\"has-text-align-left\" data-align=\"left\">27 de maio<\/td><\/tr><tr><td class=\"has-text-align-left\" data-align=\"left\">4<\/td><td class=\"has-text-align-left\" data-align=\"left\">29 de abril<\/td><td class=\"has-text-align-left\" data-align=\"left\">28 de maio<\/td><\/tr><tr><td class=\"has-text-align-left\" data-align=\"left\">5<\/td><td class=\"has-text-align-left\" data-align=\"left\">30 de abril<\/td><td class=\"has-text-align-left\" data-align=\"left\">29 de maio<\/td><\/tr><tr><td class=\"has-text-align-left\" data-align=\"left\">6<\/td><td class=\"has-text-align-left\" data-align=\"left\">4 de maio<\/td><td class=\"has-text-align-left\" data-align=\"left\">1 de junho<\/td><\/tr><tr><td class=\"has-text-align-left\" data-align=\"left\">7<\/td><td class=\"has-text-align-left\" data-align=\"left\">5 de maio<\/td><td class=\"has-text-align-left\" data-align=\"left\">2 de junho<\/td><\/tr><tr><td class=\"has-text-align-left\" data-align=\"left\">8<\/td><td class=\"has-text-align-left\" data-align=\"left\">6 de maio<\/td><td class=\"has-text-align-left\" data-align=\"left\">3 de junho<\/td><\/tr><tr><td class=\"has-text-align-left\" data-align=\"left\">9<\/td><td class=\"has-text-align-left\" data-align=\"left\">7 de maio<\/td><td class=\"has-text-align-left\" data-align=\"left\">5 de junho<\/td><\/tr><tr><td class=\"has-text-align-left\" data-align=\"left\">0<\/td><td class=\"has-text-align-left\" data-align=\"left\">8 de maio<\/td><td class=\"has-text-align-left\" data-align=\"left\">6 de junho<\/td><\/tr><\/tbody><\/table><\/figure>\n\n\n\n<ul class=\"wp-block-list\">\n<li><strong>Para segurados que recebem acima de um sal\u00e1rio m\u00ednimo:<\/strong><\/li>\n<\/ul>\n\n\n\n<figure class=\"wp-block-table\"><table class=\"has-fixed-layout\"><tbody><tr><td class=\"has-text-align-left\" data-align=\"left\"><strong>N\u00famero final do benef\u00edcio<\/strong><\/td><td class=\"has-text-align-left\" data-align=\"left\"><strong>1\u00aa parcela<\/strong><\/td><td class=\"has-text-align-left\" data-align=\"left\"><strong>2\u00aa parcela<\/strong><\/td><\/tr><tr><td class=\"has-text-align-left\" data-align=\"left\">1 e 6<\/td><td class=\"has-text-align-left\" data-align=\"left\">4 de maio<\/td><td class=\"has-text-align-left\" data-align=\"left\">1 de junho<\/td><\/tr><tr><td class=\"has-text-align-left\" data-align=\"left\">2 e 7<\/td><td class=\"has-text-align-left\" data-align=\"left\">5 de maio<\/td><td class=\"has-text-align-left\" data-align=\"left\">2 de junho<\/td><\/tr><tr><td class=\"has-text-align-left\" data-align=\"left\">3 e 8<\/td><td class=\"has-text-align-left\" data-align=\"left\">6 de maio<\/td><td class=\"has-text-align-left\" data-align=\"left\">3 de junho<\/td><\/tr><tr><td class=\"has-text-align-left\" data-align=\"left\">4 e 9<\/td><td class=\"has-text-align-left\" data-align=\"left\">7 de maio<\/td><td class=\"has-text-align-left\" data-align=\"left\">5 de junho<\/td><\/tr><tr><td class=\"has-text-align-left\" data-align=\"left\">5 e 0<\/td><td class=\"has-text-align-left\" data-align=\"left\">8 de maio<\/td><td class=\"has-text-align-left\" data-align=\"left\">8 de junho<\/td><\/tr><\/tbody><\/table><\/figure>\n","protected":false},"excerpt":{"rendered":"<p>Popularmente conhecido como &#8220;13\u00ba sal\u00e1rio do INSS&#8221;, o abono anual \u00e9 um valor extra concedido pelo Instituto Nacional do Seguro Social (INSS) que segue a mesma l\u00f3gica do benef\u00edcio pago a trabalhadores de carteira assinada. Geralmente dividido em duas parcelas, o montante corresponde ao pagamento recebido mensalmente pelos segurados da autarquia e frequentemente acaba sendo [&hellip;]<\/p>\n","protected":false},"author":19,"featured_media":23720,"comment_status":"open","ping_status":"open","sticky":false,"template":"","format":"standard","meta":{"jnews-multi-image_gallery":[],"jnews_single_post":{"format":"standard"},"jnews_primary_category":[],"jnews_social_meta":[],"jnews_post_split":[],"footnotes":""},"categories":[1],"tags":[],"class_list":["post-23719","post","type-post","status-publish","format-standard","has-post-thumbnail","hentry","category-geral"],"_links":{"self":[{"href":"https:\/\/tnh1.audiencelabs.com.br\/wp-json\/wp\/v2\/posts\/23719","targetHints":{"allow":["GET"]}}],"collection":[{"href":"https:\/\/tnh1.audiencelabs.com.br\/wp-json\/wp\/v2\/posts"}],"about":[{"href":"https:\/\/tnh1.audiencelabs.com.br\/wp-json\/wp\/v2\/types\/post"}],"author":[{"embeddable":true,"href":"https:\/\/tnh1.audiencelabs.com.br\/wp-json\/wp\/v2\/users\/19"}],"replies":[{"embeddable":true,"href":"https:\/\/tnh1.audiencelabs.com.br\/wp-json\/wp\/v2\/comments?post=23719"}],"version-history":[{"count":3,"href":"https:\/\/tnh1.audiencelabs.com.br\/wp-json\/wp\/v2\/posts\/23719\/revisions"}],"predecessor-version":[{"id":23841,"href":"https:\/\/tnh1.audiencelabs.com.br\/wp-json\/wp\/v2\/posts\/23719\/revisions\/23841"}],"wp:featuredmedia":[{"embeddable":true,"href":"https:\/\/tnh1.audiencelabs.com.br\/wp-json\/wp\/v2\/media\/23720"}],"wp:attachment":[{"href":"https:\/\/tnh1.audiencelabs.com.br\/wp-json\/wp\/v2\/media?parent=23719"}],"wp:term":[{"taxonomy":"category","embeddable":true,"href":"https:\/\/tnh1.audiencelabs.com.br\/wp-json\/wp\/v2\/categories?post=23719"},{"taxonomy":"post_tag","embeddable":true,"href":"https:\/\/tnh1.audiencelabs.com.br\/wp-json\/wp\/v2\/tags?post=23719"}],"curies":[{"name":"wp","href":"https:\/\/api.w.org\/{rel}","templated":true}]}}