{"id":23723,"date":"2026-05-01T22:02:00","date_gmt":"2026-05-02T01:02:00","guid":{"rendered":"https:\/\/tnh1.audiencelabs.com.br\/?p=23723"},"modified":"2026-04-28T10:17:35","modified_gmt":"2026-04-28T13:17:35","slug":"enquanto-discutem-escala-6x1-presidente-confirma-que-salario-vai-diminuir-no-brasil","status":"publish","type":"post","link":"https:\/\/tnh1.audiencelabs.com.br\/enquanto-discutem-escala-6x1-presidente-confirma-que-salario-vai-diminuir-no-brasil\/","title":{"rendered":"Enquanto discutem escala 6&#215;1, presidente confirma que sal\u00e1rio vai diminuir no Brasil"},"content":{"rendered":"\n<p>Em 2026, o Brasil tem vivido um debate em rela\u00e7\u00e3o \u00e0 redu\u00e7\u00e3o da escala 6&#215;1 (seis dias de trabalho por um de descanso). Inclusive, existem tr\u00eas propostas no Congresso Nacional, uma delas do governo, que pretendem limitar a jornada a 40 horas semanais, garantindo dois dias de folga (5&#215;2). Diante desse cen\u00e1rio, Jos\u00e9 Veloso, presidente da Abimaq, em entrevista \u00e0 <a href=\"https:\/\/www.cnnbrasil.com.br\/economia\/macroeconomia\/reducao-de-jornada-vai-diminuir-remuneracao-diz-presidente-da-abimaq\/\" target=\"_blank\" rel=\"noreferrer noopener\">CNN Brasil<\/a>, fez um alerta: o sal\u00e1rio vai diminuir no pa\u00eds.<\/p>\n\n\n\n<p>Apesar de defensores do fim da 6&#215;1 e at\u00e9 mesmo o Governo Federal afirmarem que n\u00e3o haver\u00e1 redu\u00e7\u00e3o no sal\u00e1rio dos brasileiros, Veloso comentou que, caso seja adotada uma escala menor de trabalho e n\u00e3o haja um aumento de produtividade, ocorrer\u00e1 uma queda na remunera\u00e7\u00e3o e a precariza\u00e7\u00e3o do trabalho.<\/p>\n\n\n\n<p>Segundo ele, a redu\u00e7\u00e3o do sal\u00e1rio do trabalhador ocorrer\u00e1 naturalmente, j\u00e1 que, com a queda de produ\u00e7\u00e3o das empresas, elas precisar\u00e3o contratar mais profissionais e, assim, reduzir a remunera\u00e7\u00e3o para poder pagar todos os funcion\u00e1rios. Como exemplo, o presidente da Abimaq citou as pequenas empresas de servi\u00e7os, que devem ser as mais afetadas pela mudan\u00e7a na escala de trabalho.<\/p>\n\n\n\n<h2 class=\"wp-block-heading\">Defesa do livre acordo<\/h2>\n\n\n\n<p>Veloso destacou que defende a ocorr\u00eancia de um livre acordo entre empresa e empregado. O executivo salientou que a m\u00e9dia atual de jornada de trabalho na \u00e1rea de m\u00e1quinas \u00e9 de 42 horas semanais, por conven\u00e7\u00e3o coletiva.<\/p>\n\n\n\n<p>Em sua fala, ele ressaltou que, caso seja aprovado o fim da escala 6&#215;1 e o Governo n\u00e3o se preocupar em proporcionar medidas que possam melhorar a produtividade, tamb\u00e9m haver\u00e1 um aumento de custos nos produtos.<\/p>\n\n\n\n<h2 class=\"wp-block-heading\">Investimento no Brasil<\/h2>\n\n\n\n<p>De acordo com o presidente da Abimaq, existem institui\u00e7\u00f5es e empresas estrangeiras interessadas em investir no setor de m\u00e1quinas no Brasil. Isso ocorre devido \u00e0 possibilidade de acordo entre Mercosul e Uni\u00e3o Europeia e tamb\u00e9m devido \u00e0 posi\u00e7\u00e3o geopol\u00edtica favor\u00e1vel do pa\u00eds.<\/p>\n\n\n\n<p>Caso aconte\u00e7am esses investimentos de pot\u00eancias do exterior, o Brasil ganha o mesmo n\u00edvel de sofistica\u00e7\u00e3o do pa\u00eds de origem, o que faz com que a produ\u00e7\u00e3o nacional se torne mais competitiva no cen\u00e1rio mundial.<\/p>\n\n\n\n<p><\/p>\n","protected":false},"excerpt":{"rendered":"<p>Em 2026, o Brasil tem vivido um debate em rela\u00e7\u00e3o \u00e0 redu\u00e7\u00e3o da escala 6&#215;1 (seis dias de trabalho por um de descanso). Inclusive, existem tr\u00eas propostas no Congresso Nacional, uma delas do governo, que pretendem limitar a jornada a 40 horas semanais, garantindo dois dias de folga (5&#215;2). Diante desse cen\u00e1rio, Jos\u00e9 Veloso, presidente [&hellip;]<\/p>\n","protected":false},"author":20,"featured_media":23126,"comment_status":"open","ping_status":"open","sticky":false,"template":"","format":"standard","meta":{"jnews-multi-image_gallery":[],"jnews_single_post":{"format":"standard"},"jnews_primary_category":[],"jnews_social_meta":[],"jnews_post_split":[],"footnotes":""},"categories":[1],"tags":[],"class_list":["post-23723","post","type-post","status-publish","format-standard","has-post-thumbnail","hentry","category-geral"],"_links":{"self":[{"href":"https:\/\/tnh1.audiencelabs.com.br\/wp-json\/wp\/v2\/posts\/23723","targetHints":{"allow":["GET"]}}],"collection":[{"href":"https:\/\/tnh1.audiencelabs.com.br\/wp-json\/wp\/v2\/posts"}],"about":[{"href":"https:\/\/tnh1.audiencelabs.com.br\/wp-json\/wp\/v2\/types\/post"}],"author":[{"embeddable":true,"href":"https:\/\/tnh1.audiencelabs.com.br\/wp-json\/wp\/v2\/users\/20"}],"replies":[{"embeddable":true,"href":"https:\/\/tnh1.audiencelabs.com.br\/wp-json\/wp\/v2\/comments?post=23723"}],"version-history":[{"count":2,"href":"https:\/\/tnh1.audiencelabs.com.br\/wp-json\/wp\/v2\/posts\/23723\/revisions"}],"predecessor-version":[{"id":23848,"href":"https:\/\/tnh1.audiencelabs.com.br\/wp-json\/wp\/v2\/posts\/23723\/revisions\/23848"}],"wp:featuredmedia":[{"embeddable":true,"href":"https:\/\/tnh1.audiencelabs.com.br\/wp-json\/wp\/v2\/media\/23126"}],"wp:attachment":[{"href":"https:\/\/tnh1.audiencelabs.com.br\/wp-json\/wp\/v2\/media?parent=23723"}],"wp:term":[{"taxonomy":"category","embeddable":true,"href":"https:\/\/tnh1.audiencelabs.com.br\/wp-json\/wp\/v2\/categories?post=23723"},{"taxonomy":"post_tag","embeddable":true,"href":"https:\/\/tnh1.audiencelabs.com.br\/wp-json\/wp\/v2\/tags?post=23723"}],"curies":[{"name":"wp","href":"https:\/\/api.w.org\/{rel}","templated":true}]}}