{"id":23737,"date":"2026-04-28T21:03:00","date_gmt":"2026-04-29T00:03:00","guid":{"rendered":"https:\/\/tnh1.audiencelabs.com.br\/?p=23737"},"modified":"2026-04-28T11:00:36","modified_gmt":"2026-04-28T14:00:36","slug":"confirmado-todos-os-alugueis-que-forem-renovados-agora-sofrerao-um-novo-aumento-anunciado-pelo-governo-deste-pais","status":"publish","type":"post","link":"https:\/\/tnh1.audiencelabs.com.br\/confirmado-todos-os-alugueis-que-forem-renovados-agora-sofrerao-um-novo-aumento-anunciado-pelo-governo-deste-pais\/","title":{"rendered":"Confirmado: todos os alugu\u00e9is que forem renovados agora sofrer\u00e3o um novo aumento anunciado pelo governo deste pa\u00eds"},"content":{"rendered":"\n<p>O aluguel continua sendo uma despesa que gera preocupa\u00e7\u00e3o em fam\u00edlias de todo o mundo, sobretudo <strong>por conta dos reajustes<\/strong>, que geralmente ocorrem de forma anual ou durante o processo de renova\u00e7\u00e3o do contrato.<\/p>\n\n\n\n<p>Mas vale destacar que a situa\u00e7\u00e3o se tornou ainda mais cr\u00edtica para cidad\u00e3os da Espanha, que al\u00e9m de j\u00e1 estarem lidando com problemas como pre\u00e7os elevados e falta de oferta, agora tamb\u00e9m precisar\u00e3o se preparar para arcar com <strong>o novo <strong>\u00edndice de refer\u00eancia para atualiza\u00e7\u00e3o dos alugu\u00e9is<\/strong><\/strong>.<\/p>\n\n\n\n<p>De acordo com dados divulgados pelo Instituto Nacional de Estat\u00edstica (INE) do pa\u00eds, o percentual, que impacta diretamente as fam\u00edlias que t\u00eam direito \u00e0 revis\u00e3o anual da cobran\u00e7a, <strong>foi fixado em 2,14%<\/strong>.<\/p>\n\n\n\n<p>Conforme relatado pelo portal<em> El Cronista<\/em>, o aumento ser\u00e1 sentido principalmente por inquilinos cujos contratos <strong>est\u00e3o sujeitos ao sistema vigente implementado ap\u00f3s a Lei de Loca\u00e7\u00f5es Urbanas<\/strong> e a revis\u00e3o anual est\u00e1 prestes a vencer.<\/p>\n\n\n\n<p>Sendo assim, cidad\u00e3os que se enquadrem nessa descri\u00e7\u00e3o precisam se preparar para arcar com os novos valores, que podem ser estabelecidos pelo propriet\u00e1rio do im\u00f3vel <strong>ao longo dos pr\u00f3ximos meses<\/strong>.<\/p>\n\n\n\n<h2 class=\"wp-block-heading\">Alugu\u00e9is aumentam mesmo com queda do \u00edndice<\/h2>\n\n\n\n<p>Embora o percentual de 2,14% seja relativamente mais baixo do que o estabelecido no m\u00eas anterior, que ficou fixado em 2,32%, ele ainda pode pesar no bolso dos inquilinos, uma vez que <strong>tamb\u00e9m se trata de um aumento significativo<\/strong>.<\/p>\n\n\n\n<p>Ainda segundo o <em>El Cronista<\/em>, com o novo \u00edndice, alugu\u00e9is em torno de 800 euros podem ter aumento de <strong>pouco mais de 17 euros por m\u00eas<\/strong>. J\u00e1 contratos com valores mais altos podem registrar reajustes <strong>superiores a 20 euros<\/strong>.<\/p>\n\n\n\n<p>Nesse cen\u00e1rio, ainda que o percentual tenha sido proposto pelo governo espanhol como forma de limitar reajustes abusivos, a confirma\u00e7\u00e3o de sua ado\u00e7\u00e3o acabou intensificando as tens\u00f5es no mercado imobili\u00e1rio, sobretudo por n\u00e3o solucionar outros problemas do setor.<\/p>\n","protected":false},"excerpt":{"rendered":"<p>O aluguel continua sendo uma despesa que gera preocupa\u00e7\u00e3o em fam\u00edlias de todo o mundo, sobretudo por conta dos reajustes, que geralmente ocorrem de forma anual ou durante o processo de renova\u00e7\u00e3o do contrato. Mas vale destacar que a situa\u00e7\u00e3o se tornou ainda mais cr\u00edtica para cidad\u00e3os da Espanha, que al\u00e9m de j\u00e1 estarem lidando [&hellip;]<\/p>\n","protected":false},"author":19,"featured_media":23739,"comment_status":"open","ping_status":"open","sticky":false,"template":"","format":"standard","meta":{"jnews-multi-image_gallery":[],"jnews_single_post":{"format":"standard"},"jnews_primary_category":[],"jnews_social_meta":[],"jnews_post_split":[],"footnotes":""},"categories":[1],"tags":[],"class_list":["post-23737","post","type-post","status-publish","format-standard","has-post-thumbnail","hentry","category-geral"],"_links":{"self":[{"href":"https:\/\/tnh1.audiencelabs.com.br\/wp-json\/wp\/v2\/posts\/23737","targetHints":{"allow":["GET"]}}],"collection":[{"href":"https:\/\/tnh1.audiencelabs.com.br\/wp-json\/wp\/v2\/posts"}],"about":[{"href":"https:\/\/tnh1.audiencelabs.com.br\/wp-json\/wp\/v2\/types\/post"}],"author":[{"embeddable":true,"href":"https:\/\/tnh1.audiencelabs.com.br\/wp-json\/wp\/v2\/users\/19"}],"replies":[{"embeddable":true,"href":"https:\/\/tnh1.audiencelabs.com.br\/wp-json\/wp\/v2\/comments?post=23737"}],"version-history":[{"count":2,"href":"https:\/\/tnh1.audiencelabs.com.br\/wp-json\/wp\/v2\/posts\/23737\/revisions"}],"predecessor-version":[{"id":23840,"href":"https:\/\/tnh1.audiencelabs.com.br\/wp-json\/wp\/v2\/posts\/23737\/revisions\/23840"}],"wp:featuredmedia":[{"embeddable":true,"href":"https:\/\/tnh1.audiencelabs.com.br\/wp-json\/wp\/v2\/media\/23739"}],"wp:attachment":[{"href":"https:\/\/tnh1.audiencelabs.com.br\/wp-json\/wp\/v2\/media?parent=23737"}],"wp:term":[{"taxonomy":"category","embeddable":true,"href":"https:\/\/tnh1.audiencelabs.com.br\/wp-json\/wp\/v2\/categories?post=23737"},{"taxonomy":"post_tag","embeddable":true,"href":"https:\/\/tnh1.audiencelabs.com.br\/wp-json\/wp\/v2\/tags?post=23737"}],"curies":[{"name":"wp","href":"https:\/\/api.w.org\/{rel}","templated":true}]}}