{"id":23778,"date":"2026-04-28T12:44:31","date_gmt":"2026-04-28T15:44:31","guid":{"rendered":"https:\/\/tnh1.audiencelabs.com.br\/?p=23778"},"modified":"2026-04-28T12:44:36","modified_gmt":"2026-04-28T15:44:36","slug":"confirmado-e-oficial-nova-lei-de-aluguel-permitira-que-inquilinos-realizem-obras-sem-permissao-do-proprietario-nesse-pais","status":"publish","type":"post","link":"https:\/\/tnh1.audiencelabs.com.br\/confirmado-e-oficial-nova-lei-de-aluguel-permitira-que-inquilinos-realizem-obras-sem-permissao-do-proprietario-nesse-pais\/","title":{"rendered":"Confirmado e oficial: nova lei de aluguel permitir\u00e1 que inquilinos realizem obras sem permiss\u00e3o do propriet\u00e1rio nesse pa\u00eds"},"content":{"rendered":"\n<p>Uma nova legisla\u00e7\u00e3o em discuss\u00e3o na Espanha promete alterar de forma significativa as regras de aluguel e a rela\u00e7\u00e3o entre propriet\u00e1rios e inquilinos. <\/p>\n\n\n\n<p>A proposta, que avan\u00e7a no Congresso espanhol, surge em meio \u00e0 press\u00e3o por moradia mais acess\u00edvel e contratos mais equilibrados, sobretudo em grandes centros urbanos.<\/p>\n\n\n\n<h2 class=\"wp-block-heading\">O que muda na pr\u00e1tica e os impactos esperados<\/h2>\n\n\n\n<p>Entre as mudan\u00e7as previstas est\u00e1 a proibi\u00e7\u00e3o de repassar ao inquilino custos como impostos imobili\u00e1rios e taxas administrativas. A proposta tamb\u00e9m limita a exig\u00eancia de garantias contratuais e impede a obrigatoriedade de seguros contra inadimpl\u00eancia, reduzindo barreiras de entrada para novos locat\u00e1rios.<\/p>\n\n\n\n<p>O ponto mais sens\u00edvel da reforma \u00e9 a possibilidade de o inquilino realizar obras sem autoriza\u00e7\u00e3o pr\u00e9via em situa\u00e7\u00f5es espec\u00edficas. Quando houver problemas que comprometam a habitabilidade do im\u00f3vel, o locat\u00e1rio poder\u00e1 comunicar o propriet\u00e1rio com um or\u00e7amento detalhado. <\/p>\n\n\n\n<p>Caso n\u00e3o haja resposta em at\u00e9 15 dias, a interven\u00e7\u00e3o poder\u00e1 ser feita e o valor descontado do aluguel. Para reparos menores, o prazo de resposta ser\u00e1 de cinco dias, ap\u00f3s o qual o inquilino poder\u00e1 executar o servi\u00e7o e solicitar reembolso.<\/p>\n\n\n\n<p>O cen\u00e1rio contrasta com o que ocorre no Brasil. Segundo a Lei do Inquilinato (Lei n\u00ba 8.245\/1991), qualquer altera\u00e7\u00e3o no im\u00f3vel exige autoriza\u00e7\u00e3o pr\u00e9via e por escrito do propriet\u00e1rio. Reformas sem consentimento podem resultar em multa ou at\u00e9 despejo. A legisla\u00e7\u00e3o brasileira ainda diferencia benfeitorias necess\u00e1rias, geralmente custeadas pelo locador, e melhorias \u00fateis ou est\u00e9ticas, que dependem de negocia\u00e7\u00e3o.<\/p>\n\n\n\n<p>Especialistas avaliam que a proposta pode ampliar a autonomia do inquilino, mas tamb\u00e9m gerar cautela no mercado, com poss\u00edveis impactos na oferta de im\u00f3veis para loca\u00e7\u00e3o, especialmente em regi\u00f5es mais demandadas.<\/p>\n","protected":false},"excerpt":{"rendered":"<p>Uma nova legisla\u00e7\u00e3o em discuss\u00e3o na Espanha promete alterar de forma significativa as regras de aluguel e a rela\u00e7\u00e3o entre propriet\u00e1rios e inquilinos. A proposta, que avan\u00e7a no Congresso espanhol, surge em meio \u00e0 press\u00e3o por moradia mais acess\u00edvel e contratos mais equilibrados, sobretudo em grandes centros urbanos. O que muda na pr\u00e1tica e os [&hellip;]<\/p>\n","protected":false},"author":7,"featured_media":23783,"comment_status":"open","ping_status":"open","sticky":false,"template":"","format":"standard","meta":{"jnews-multi-image_gallery":[],"jnews_single_post":{"format":"standard"},"jnews_primary_category":[],"jnews_social_meta":[],"jnews_post_split":[],"footnotes":""},"categories":[1],"tags":[],"class_list":["post-23778","post","type-post","status-publish","format-standard","has-post-thumbnail","hentry","category-geral"],"_links":{"self":[{"href":"https:\/\/tnh1.audiencelabs.com.br\/wp-json\/wp\/v2\/posts\/23778","targetHints":{"allow":["GET"]}}],"collection":[{"href":"https:\/\/tnh1.audiencelabs.com.br\/wp-json\/wp\/v2\/posts"}],"about":[{"href":"https:\/\/tnh1.audiencelabs.com.br\/wp-json\/wp\/v2\/types\/post"}],"author":[{"embeddable":true,"href":"https:\/\/tnh1.audiencelabs.com.br\/wp-json\/wp\/v2\/users\/7"}],"replies":[{"embeddable":true,"href":"https:\/\/tnh1.audiencelabs.com.br\/wp-json\/wp\/v2\/comments?post=23778"}],"version-history":[{"count":1,"href":"https:\/\/tnh1.audiencelabs.com.br\/wp-json\/wp\/v2\/posts\/23778\/revisions"}],"predecessor-version":[{"id":23784,"href":"https:\/\/tnh1.audiencelabs.com.br\/wp-json\/wp\/v2\/posts\/23778\/revisions\/23784"}],"wp:featuredmedia":[{"embeddable":true,"href":"https:\/\/tnh1.audiencelabs.com.br\/wp-json\/wp\/v2\/media\/23783"}],"wp:attachment":[{"href":"https:\/\/tnh1.audiencelabs.com.br\/wp-json\/wp\/v2\/media?parent=23778"}],"wp:term":[{"taxonomy":"category","embeddable":true,"href":"https:\/\/tnh1.audiencelabs.com.br\/wp-json\/wp\/v2\/categories?post=23778"},{"taxonomy":"post_tag","embeddable":true,"href":"https:\/\/tnh1.audiencelabs.com.br\/wp-json\/wp\/v2\/tags?post=23778"}],"curies":[{"name":"wp","href":"https:\/\/api.w.org\/{rel}","templated":true}]}}