{"id":23785,"date":"2026-04-28T13:01:30","date_gmt":"2026-04-28T16:01:30","guid":{"rendered":"https:\/\/tnh1.audiencelabs.com.br\/?p=23785"},"modified":"2026-04-28T13:01:35","modified_gmt":"2026-04-28T16:01:35","slug":"motoristas-entram-em-greve-e-onibus-param-de-rodar-no-brasil","status":"publish","type":"post","link":"https:\/\/tnh1.audiencelabs.com.br\/motoristas-entram-em-greve-e-onibus-param-de-rodar-no-brasil\/","title":{"rendered":"Motoristas entram em greve e \u00f4nibus param de rodar no Brasil"},"content":{"rendered":"\n<p>Quem depende de \u00f4nibus para se deslocar em Foz do Igua\u00e7u enfrentou uma manh\u00e3 at\u00edpica: pontos cheios, atrasos e linhas reduzidas marcaram o in\u00edcio da paralisa\u00e7\u00e3o dos motoristas do transporte coletivo. <\/p>\n\n\n\n<p>A greve, iniciada ap\u00f3s o fracasso nas negocia\u00e7\u00f5es trabalhistas, interrompeu parte significativa da circula\u00e7\u00e3o e ainda n\u00e3o tem prazo para terminar.<\/p>\n\n\n\n<h2 class=\"wp-block-heading\">Paralisa\u00e7\u00e3o parcial impacta rotina e exp\u00f5e impasse<\/h2>\n\n\n\n<p>O movimento foi organizado pelo Sindicato dos Trabalhadores em Transportes Rodovi\u00e1rios de Foz do Igua\u00e7u (Sitrofi), que reivindica melhores condi\u00e7\u00f5es de trabalho, manuten\u00e7\u00e3o de benef\u00edcios e reajuste salarial. <\/p>\n\n\n\n<p>Segundo apura\u00e7\u00e3o do G1, a entidade comunicou que a decis\u00e3o foi tomada ap\u00f3s a empresa suspender pagamentos como vale-alimenta\u00e7\u00e3o e cesta b\u00e1sica, al\u00e9m de diverg\u00eancias sobre adicionais pagos a motoristas que tamb\u00e9m exercem a fun\u00e7\u00e3o de cobrador.<\/p>\n\n\n\n<p>J\u00e1 a Via\u00e7\u00e3o Santa Clara (Visac) afirma que cumpre as obriga\u00e7\u00f5es previstas em acordo coletivo e apresentou proposta de reajuste de 5%, mantendo benef\u00edcios mesmo diante de dificuldades relacionadas a repasses financeiros. A empresa informou ainda que segue em negocia\u00e7\u00e3o para tentar encerrar a paralisa\u00e7\u00e3o e reduzir os impactos \u00e0 popula\u00e7\u00e3o.<\/p>\n\n\n\n<p>Durante a manh\u00e3, parte da frota ainda circulou, mas o servi\u00e7o foi sendo reduzido ao longo do dia, especialmente ap\u00f3s a concentra\u00e7\u00e3o de ve\u00edculos no Terminal de Transporte Urbano. Fora de hor\u00e1rios definidos em assembleia, apenas o m\u00ednimo exigido por lei para servi\u00e7os essenciais segue em opera\u00e7\u00e3o.<\/p>\n\n\n\n<p>Dados do FozTrans indicam que cerca de 54 mil pessoas utilizam o transporte coletivo diariamente na cidade, o que evidencia o impacto direto da paralisa\u00e7\u00e3o. At\u00e9 o momento, n\u00e3o h\u00e1 previs\u00e3o para normaliza\u00e7\u00e3o completa do servi\u00e7o, e a popula\u00e7\u00e3o precisa recorrer a alternativas para deslocamento enquanto as negocia\u00e7\u00f5es continuam.<\/p>\n","protected":false},"excerpt":{"rendered":"<p>Quem depende de \u00f4nibus para se deslocar em Foz do Igua\u00e7u enfrentou uma manh\u00e3 at\u00edpica: pontos cheios, atrasos e linhas reduzidas marcaram o in\u00edcio da paralisa\u00e7\u00e3o dos motoristas do transporte coletivo. A greve, iniciada ap\u00f3s o fracasso nas negocia\u00e7\u00f5es trabalhistas, interrompeu parte significativa da circula\u00e7\u00e3o e ainda n\u00e3o tem prazo para terminar. Paralisa\u00e7\u00e3o parcial impacta [&hellip;]<\/p>\n","protected":false},"author":7,"featured_media":23786,"comment_status":"open","ping_status":"open","sticky":false,"template":"","format":"standard","meta":{"jnews-multi-image_gallery":[],"jnews_single_post":{"format":"standard"},"jnews_primary_category":[],"jnews_social_meta":[],"jnews_post_split":[],"footnotes":""},"categories":[1],"tags":[],"class_list":["post-23785","post","type-post","status-publish","format-standard","has-post-thumbnail","hentry","category-geral"],"_links":{"self":[{"href":"https:\/\/tnh1.audiencelabs.com.br\/wp-json\/wp\/v2\/posts\/23785","targetHints":{"allow":["GET"]}}],"collection":[{"href":"https:\/\/tnh1.audiencelabs.com.br\/wp-json\/wp\/v2\/posts"}],"about":[{"href":"https:\/\/tnh1.audiencelabs.com.br\/wp-json\/wp\/v2\/types\/post"}],"author":[{"embeddable":true,"href":"https:\/\/tnh1.audiencelabs.com.br\/wp-json\/wp\/v2\/users\/7"}],"replies":[{"embeddable":true,"href":"https:\/\/tnh1.audiencelabs.com.br\/wp-json\/wp\/v2\/comments?post=23785"}],"version-history":[{"count":1,"href":"https:\/\/tnh1.audiencelabs.com.br\/wp-json\/wp\/v2\/posts\/23785\/revisions"}],"predecessor-version":[{"id":23787,"href":"https:\/\/tnh1.audiencelabs.com.br\/wp-json\/wp\/v2\/posts\/23785\/revisions\/23787"}],"wp:featuredmedia":[{"embeddable":true,"href":"https:\/\/tnh1.audiencelabs.com.br\/wp-json\/wp\/v2\/media\/23786"}],"wp:attachment":[{"href":"https:\/\/tnh1.audiencelabs.com.br\/wp-json\/wp\/v2\/media?parent=23785"}],"wp:term":[{"taxonomy":"category","embeddable":true,"href":"https:\/\/tnh1.audiencelabs.com.br\/wp-json\/wp\/v2\/categories?post=23785"},{"taxonomy":"post_tag","embeddable":true,"href":"https:\/\/tnh1.audiencelabs.com.br\/wp-json\/wp\/v2\/tags?post=23785"}],"curies":[{"name":"wp","href":"https:\/\/api.w.org\/{rel}","templated":true}]}}