{"id":23788,"date":"2026-04-28T13:09:00","date_gmt":"2026-04-28T16:09:00","guid":{"rendered":"https:\/\/tnh1.audiencelabs.com.br\/?p=23788"},"modified":"2026-04-28T13:07:05","modified_gmt":"2026-04-28T16:07:05","slug":"cientistas-pedem-para-que-todos-olhem-para-o-ceu-e-vejam-o-que-vai-acontecer-no-01-05","status":"publish","type":"post","link":"https:\/\/tnh1.audiencelabs.com.br\/cientistas-pedem-para-que-todos-olhem-para-o-ceu-e-vejam-o-que-vai-acontecer-no-01-05\/","title":{"rendered":"Cientistas pedem para que todos olhem para o c\u00e9u e vejam o que vai acontecer no 01\/05"},"content":{"rendered":"\n<p>No dia 1\u00ba de maio, um fen\u00f4meno astron\u00f4mico vis\u00edvel a olho nu deve chamar a aten\u00e7\u00e3o de observadores em todo o mundo. Trata-se da chamada Lua Cheia das Flores, momento em que a Lua atinge sua fase completa e aparece totalmente iluminada no c\u00e9u noturno. <\/p>\n\n\n\n<p>Apesar de n\u00e3o ser um evento raro do ponto de vista cient\u00edfico, especialistas destacam o valor simb\u00f3lico e cultural que envolve essa ocorr\u00eancia.<\/p>\n\n\n\n<h2 class=\"wp-block-heading\">Fen\u00f4meno lunar une ci\u00eancia, tradi\u00e7\u00e3o e observa\u00e7\u00e3o<\/h2>\n\n\n\n<p>A Lua cheia de maio recebe esse nome por sua associa\u00e7\u00e3o com a primavera no Hemisf\u00e9rio Norte, per\u00edodo marcado pela flora\u00e7\u00e3o intensa. A denomina\u00e7\u00e3o tem origem em tradi\u00e7\u00f5es de povos ind\u00edgenas da Am\u00e9rica do Norte, como os Comanche, que utilizavam os ciclos lunares para orientar atividades agr\u00edcolas e interpretar mudan\u00e7as na natureza.<\/p>\n\n\n\n<p>Outras comunidades tamb\u00e9m criaram nomes pr\u00f3prios para esse mesmo fen\u00f4meno. Povos como Creek e Choctaw, por exemplo, relacionavam a Lua cheia de maio ao amadurecimento de frutos, enquanto diferentes grupos associavam o per\u00edodo ao florescimento ou ao surgimento de animais t\u00edpicos da esta\u00e7\u00e3o.<\/p>\n\n\n\n<p>Embora o nome tenha forte apelo cultural, o fen\u00f4meno em si \u00e9 uma fase natural do ciclo lunar. A Lua atinge a fase cheia quando est\u00e1 posicionada oposta ao Sol em rela\u00e7\u00e3o \u00e0 Terra, refletindo completamente a luz solar. Dependendo da sua dist\u00e2ncia do planeta, pode ser classificada como \u201csuperlua\u201d ou \u201cmicrolua\u201d, mas isso n\u00e3o altera sua visibilidade.<\/p>\n\n\n\n<p>A observa\u00e7\u00e3o poder\u00e1 ser feita de qualquer regi\u00e3o do planeta, incluindo o Brasil, desde que as condi\u00e7\u00f5es clim\u00e1ticas sejam favor\u00e1veis. N\u00e3o \u00e9 necess\u00e1rio o uso de equipamentos espec\u00edficos.<\/p>\n\n\n\n<p>Mais do que um evento astron\u00f4mico, a Lua Cheia das Flores refor\u00e7a a conex\u00e3o hist\u00f3rica entre o c\u00e9u, os ciclos naturais e as tradi\u00e7\u00f5es culturais que atravessam gera\u00e7\u00f5es.<\/p>\n","protected":false},"excerpt":{"rendered":"<p>No dia 1\u00ba de maio, um fen\u00f4meno astron\u00f4mico vis\u00edvel a olho nu deve chamar a aten\u00e7\u00e3o de observadores em todo o mundo. Trata-se da chamada Lua Cheia das Flores, momento em que a Lua atinge sua fase completa e aparece totalmente iluminada no c\u00e9u noturno. Apesar de n\u00e3o ser um evento raro do ponto de [&hellip;]<\/p>\n","protected":false},"author":7,"featured_media":23789,"comment_status":"open","ping_status":"open","sticky":false,"template":"","format":"standard","meta":{"jnews-multi-image_gallery":[],"jnews_single_post":{"format":"standard"},"jnews_primary_category":[],"jnews_social_meta":[],"jnews_post_split":[],"footnotes":""},"categories":[1],"tags":[],"class_list":["post-23788","post","type-post","status-publish","format-standard","has-post-thumbnail","hentry","category-geral"],"_links":{"self":[{"href":"https:\/\/tnh1.audiencelabs.com.br\/wp-json\/wp\/v2\/posts\/23788","targetHints":{"allow":["GET"]}}],"collection":[{"href":"https:\/\/tnh1.audiencelabs.com.br\/wp-json\/wp\/v2\/posts"}],"about":[{"href":"https:\/\/tnh1.audiencelabs.com.br\/wp-json\/wp\/v2\/types\/post"}],"author":[{"embeddable":true,"href":"https:\/\/tnh1.audiencelabs.com.br\/wp-json\/wp\/v2\/users\/7"}],"replies":[{"embeddable":true,"href":"https:\/\/tnh1.audiencelabs.com.br\/wp-json\/wp\/v2\/comments?post=23788"}],"version-history":[{"count":1,"href":"https:\/\/tnh1.audiencelabs.com.br\/wp-json\/wp\/v2\/posts\/23788\/revisions"}],"predecessor-version":[{"id":23790,"href":"https:\/\/tnh1.audiencelabs.com.br\/wp-json\/wp\/v2\/posts\/23788\/revisions\/23790"}],"wp:featuredmedia":[{"embeddable":true,"href":"https:\/\/tnh1.audiencelabs.com.br\/wp-json\/wp\/v2\/media\/23789"}],"wp:attachment":[{"href":"https:\/\/tnh1.audiencelabs.com.br\/wp-json\/wp\/v2\/media?parent=23788"}],"wp:term":[{"taxonomy":"category","embeddable":true,"href":"https:\/\/tnh1.audiencelabs.com.br\/wp-json\/wp\/v2\/categories?post=23788"},{"taxonomy":"post_tag","embeddable":true,"href":"https:\/\/tnh1.audiencelabs.com.br\/wp-json\/wp\/v2\/tags?post=23788"}],"curies":[{"name":"wp","href":"https:\/\/api.w.org\/{rel}","templated":true}]}}