{"id":23809,"date":"2026-04-28T16:32:00","date_gmt":"2026-04-28T19:32:00","guid":{"rendered":"https:\/\/tnh1.audiencelabs.com.br\/?p=23809"},"modified":"2026-04-28T14:14:22","modified_gmt":"2026-04-28T17:14:22","slug":"ingrediente-essencial-do-cafe-da-manha-dispara-12-e-atinge-preco-fora-da-realidade-no-brasil","status":"publish","type":"post","link":"https:\/\/tnh1.audiencelabs.com.br\/ingrediente-essencial-do-cafe-da-manha-dispara-12-e-atinge-preco-fora-da-realidade-no-brasil\/","title":{"rendered":"Ingrediente essencial do caf\u00e9 da manh\u00e3 dispara 12% e atinge pre\u00e7o \u201cfora da realidade\u201d no Brasil"},"content":{"rendered":"\n<p>O leite, item b\u00e1sico na mesa de milh\u00f5es de brasileiros, voltou a pesar no or\u00e7amento em 2026. Ap\u00f3s um per\u00edodo de queda, o produto registrou aumento pr\u00f3ximo de 12% em mar\u00e7o, segundo dados do IPCA (\u00cdndice Nacional de Pre\u00e7os ao Consumidor Amplo). A alta reacende a preocupa\u00e7\u00e3o com o custo de vida, especialmente entre fam\u00edlias de menor renda.<\/p>\n\n\n\n<p>O avan\u00e7o nos pre\u00e7os n\u00e3o ocorre isoladamente. Derivados como queijo, iogurte e leite em p\u00f3 tamb\u00e9m ficaram mais caros, ampliando o impacto no consumo di\u00e1rio. Especialistas apontam que o principal motivo est\u00e1 na redu\u00e7\u00e3o da produ\u00e7\u00e3o nos \u00faltimos meses, resultado de um ciclo t\u00edpico do setor leiteiro.<\/p>\n\n\n\n<h2 class=\"wp-block-heading\">Menor oferta e custos mais altos pressionam pre\u00e7os<\/h2>\n\n\n\n<p>Dados do Cepea\/USP indicam queda na capta\u00e7\u00e3o de leite no in\u00edcio do ano, especialmente em estados relevantes como Minas Gerais e Paran\u00e1. Com menos produto dispon\u00edvel, a ind\u00fastria passou a pagar mais pela mat\u00e9ria-prima \u2014 custo que chega rapidamente ao consumidor final.<\/p>\n\n\n\n<p>Al\u00e9m da oferta menor, fatores sazonais tamb\u00e9m influenciam. A transi\u00e7\u00e3o para per\u00edodos mais secos reduz a qualidade das pastagens, elevando os custos de alimenta\u00e7\u00e3o do gado e limitando a produtividade. Esse cen\u00e1rio pressiona toda a cadeia, do campo ao supermercado.<\/p>\n\n\n\n<p>O contexto internacional adiciona mais press\u00e3o. Tens\u00f5es no Oriente M\u00e9dio impactam o pre\u00e7o dos combust\u00edveis, elevando custos de transporte no Brasil. Como o leite depende de log\u00edstica constante, o frete mais caro contribui para o aumento nas prateleiras.<\/p>\n\n\n\n<p>Combinados, esses fatores ajudam a explicar por que o leite se tornou um dos principais vil\u00f5es da infla\u00e7\u00e3o recente. E a tend\u00eancia, segundo analistas, \u00e9 de que os pre\u00e7os continuem pressionados nos pr\u00f3ximos meses, mantendo o produto em um patamar considerado elevado para grande parte da popula\u00e7\u00e3o.<\/p>\n","protected":false},"excerpt":{"rendered":"<p>O leite, item b\u00e1sico na mesa de milh\u00f5es de brasileiros, voltou a pesar no or\u00e7amento em 2026. Ap\u00f3s um per\u00edodo de queda, o produto registrou aumento pr\u00f3ximo de 12% em mar\u00e7o, segundo dados do IPCA (\u00cdndice Nacional de Pre\u00e7os ao Consumidor Amplo). A alta reacende a preocupa\u00e7\u00e3o com o custo de vida, especialmente entre fam\u00edlias [&hellip;]<\/p>\n","protected":false},"author":7,"featured_media":23810,"comment_status":"open","ping_status":"open","sticky":false,"template":"","format":"standard","meta":{"jnews-multi-image_gallery":[],"jnews_single_post":{"format":"standard"},"jnews_primary_category":[],"jnews_social_meta":[],"jnews_post_split":[],"footnotes":""},"categories":[1],"tags":[],"class_list":["post-23809","post","type-post","status-publish","format-standard","has-post-thumbnail","hentry","category-geral"],"_links":{"self":[{"href":"https:\/\/tnh1.audiencelabs.com.br\/wp-json\/wp\/v2\/posts\/23809","targetHints":{"allow":["GET"]}}],"collection":[{"href":"https:\/\/tnh1.audiencelabs.com.br\/wp-json\/wp\/v2\/posts"}],"about":[{"href":"https:\/\/tnh1.audiencelabs.com.br\/wp-json\/wp\/v2\/types\/post"}],"author":[{"embeddable":true,"href":"https:\/\/tnh1.audiencelabs.com.br\/wp-json\/wp\/v2\/users\/7"}],"replies":[{"embeddable":true,"href":"https:\/\/tnh1.audiencelabs.com.br\/wp-json\/wp\/v2\/comments?post=23809"}],"version-history":[{"count":2,"href":"https:\/\/tnh1.audiencelabs.com.br\/wp-json\/wp\/v2\/posts\/23809\/revisions"}],"predecessor-version":[{"id":23831,"href":"https:\/\/tnh1.audiencelabs.com.br\/wp-json\/wp\/v2\/posts\/23809\/revisions\/23831"}],"wp:featuredmedia":[{"embeddable":true,"href":"https:\/\/tnh1.audiencelabs.com.br\/wp-json\/wp\/v2\/media\/23810"}],"wp:attachment":[{"href":"https:\/\/tnh1.audiencelabs.com.br\/wp-json\/wp\/v2\/media?parent=23809"}],"wp:term":[{"taxonomy":"category","embeddable":true,"href":"https:\/\/tnh1.audiencelabs.com.br\/wp-json\/wp\/v2\/categories?post=23809"},{"taxonomy":"post_tag","embeddable":true,"href":"https:\/\/tnh1.audiencelabs.com.br\/wp-json\/wp\/v2\/tags?post=23809"}],"curies":[{"name":"wp","href":"https:\/\/api.w.org\/{rel}","templated":true}]}}