{"id":23825,"date":"2026-05-01T19:33:00","date_gmt":"2026-05-01T22:33:00","guid":{"rendered":"https:\/\/tnh1.audiencelabs.com.br\/?p=23825"},"modified":"2026-04-28T14:51:29","modified_gmt":"2026-04-28T17:51:29","slug":"a-partir-de-08-09-whatsapp-sera-bloqueado-em-celulares-android","status":"publish","type":"post","link":"https:\/\/tnh1.audiencelabs.com.br\/a-partir-de-08-09-whatsapp-sera-bloqueado-em-celulares-android\/","title":{"rendered":"A partir de 08\/09, WhatsApp ser\u00e1 bloqueado em celulares Android"},"content":{"rendered":"\n<p> A partir de setembro de 2026, uma mudan\u00e7a t\u00e9cnica promete impactar milhares de usu\u00e1rios no Brasil e no mundo. O WhatsApp deixar\u00e1 de funcionar em celulares que utilizam vers\u00f5es antigas do sistema Android, encerrando o suporte para aparelhos considerados obsoletos.<\/p>\n\n\n\n<p>Segundo a empresa controlada pela Meta, o aplicativo passar\u00e1 a ser compat\u00edvel apenas com dispositivos que operam com Android 6.0 ou superior. Isso significa que smartphones que ainda funcionam com Android 5.0 e 5.1 perder\u00e3o completamente o acesso ao servi\u00e7o a partir de 8 de setembro.<\/p>\n\n\n\n<h2 class=\"wp-block-heading\">Atualiza\u00e7\u00e3o obrigat\u00f3ria deve excluir aparelhos antigos<\/h2>\n\n\n\n<p>A decis\u00e3o faz parte de uma pol\u00edtica recorrente da plataforma, que revisa periodicamente os sistemas suportados para acompanhar avan\u00e7os tecnol\u00f3gicos. A justificativa \u00e9 clara: vers\u00f5es antigas n\u00e3o conseguem oferecer o n\u00edvel de seguran\u00e7a e desempenho exigido pelas atualiza\u00e7\u00f5es mais recentes.<\/p>\n\n\n\n<p>Com o avan\u00e7o de novas fun\u00e7\u00f5es \u2014 como melhorias em notifica\u00e7\u00f5es, privacidade e integra\u00e7\u00e3o entre dispositivos \u2014 manter compatibilidade com sistemas ultrapassados pode comprometer a experi\u00eancia do usu\u00e1rio e at\u00e9 abrir brechas para falhas de seguran\u00e7a.<\/p>\n\n\n\n<p>Para evitar surpresas, o aplicativo j\u00e1 come\u00e7ou a exibir avisos dentro da interface para usu\u00e1rios afetados, indicando a necessidade de atualiza\u00e7\u00e3o ou troca de aparelho.<\/p>\n\n\n\n<p>Especialistas recomendam que os usu\u00e1rios verifiquem, nas configura\u00e7\u00f5es do celular, se h\u00e1 possibilidade de atualizar o sistema operacional. Caso isso n\u00e3o seja vi\u00e1vel, a \u00fanica alternativa ser\u00e1 migrar para um dispositivo mais recente.<\/p>\n\n\n\n<p>Outro ponto essencial \u00e9 o backup das conversas. Antes da data limite, \u00e9 indicado salvar mensagens, fotos e v\u00eddeos na nuvem, garantindo que o hist\u00f3rico possa ser restaurado em um novo aparelho.<\/p>\n\n\n\n<p>A medida refor\u00e7a uma tend\u00eancia do setor: \u00e0 medida que a tecnologia evolui, dispositivos antigos ficam para tr\u00e1s \u2014 e, com eles, o acesso a servi\u00e7os essenciais do dia a dia digital.<\/p>\n","protected":false},"excerpt":{"rendered":"<p>A partir de setembro de 2026, uma mudan\u00e7a t\u00e9cnica promete impactar milhares de usu\u00e1rios no Brasil e no mundo. O WhatsApp deixar\u00e1 de funcionar em celulares que utilizam vers\u00f5es antigas do sistema Android, encerrando o suporte para aparelhos considerados obsoletos. Segundo a empresa controlada pela Meta, o aplicativo passar\u00e1 a ser compat\u00edvel apenas com dispositivos [&hellip;]<\/p>\n","protected":false},"author":7,"featured_media":23826,"comment_status":"open","ping_status":"open","sticky":false,"template":"","format":"standard","meta":{"jnews-multi-image_gallery":[],"jnews_single_post":{"format":"standard"},"jnews_primary_category":[],"jnews_social_meta":[],"jnews_post_split":[],"footnotes":""},"categories":[1],"tags":[],"class_list":["post-23825","post","type-post","status-publish","format-standard","has-post-thumbnail","hentry","category-geral"],"_links":{"self":[{"href":"https:\/\/tnh1.audiencelabs.com.br\/wp-json\/wp\/v2\/posts\/23825","targetHints":{"allow":["GET"]}}],"collection":[{"href":"https:\/\/tnh1.audiencelabs.com.br\/wp-json\/wp\/v2\/posts"}],"about":[{"href":"https:\/\/tnh1.audiencelabs.com.br\/wp-json\/wp\/v2\/types\/post"}],"author":[{"embeddable":true,"href":"https:\/\/tnh1.audiencelabs.com.br\/wp-json\/wp\/v2\/users\/7"}],"replies":[{"embeddable":true,"href":"https:\/\/tnh1.audiencelabs.com.br\/wp-json\/wp\/v2\/comments?post=23825"}],"version-history":[{"count":2,"href":"https:\/\/tnh1.audiencelabs.com.br\/wp-json\/wp\/v2\/posts\/23825\/revisions"}],"predecessor-version":[{"id":23842,"href":"https:\/\/tnh1.audiencelabs.com.br\/wp-json\/wp\/v2\/posts\/23825\/revisions\/23842"}],"wp:featuredmedia":[{"embeddable":true,"href":"https:\/\/tnh1.audiencelabs.com.br\/wp-json\/wp\/v2\/media\/23826"}],"wp:attachment":[{"href":"https:\/\/tnh1.audiencelabs.com.br\/wp-json\/wp\/v2\/media?parent=23825"}],"wp:term":[{"taxonomy":"category","embeddable":true,"href":"https:\/\/tnh1.audiencelabs.com.br\/wp-json\/wp\/v2\/categories?post=23825"},{"taxonomy":"post_tag","embeddable":true,"href":"https:\/\/tnh1.audiencelabs.com.br\/wp-json\/wp\/v2\/tags?post=23825"}],"curies":[{"name":"wp","href":"https:\/\/api.w.org\/{rel}","templated":true}]}}