{"id":23893,"date":"2026-04-29T20:08:00","date_gmt":"2026-04-29T23:08:00","guid":{"rendered":"https:\/\/tnh1.audiencelabs.com.br\/?p=23893"},"modified":"2026-04-29T09:40:35","modified_gmt":"2026-04-29T12:40:35","slug":"a-noticia-sobre-maio-que-esta-deixando-trabalhadores-em-alerta-no-brasil-inteiro","status":"publish","type":"post","link":"https:\/\/tnh1.audiencelabs.com.br\/a-noticia-sobre-maio-que-esta-deixando-trabalhadores-em-alerta-no-brasil-inteiro\/","title":{"rendered":"A not\u00edcia sobre maio que est\u00e1 deixando trabalhadores em alerta no Brasil inteiro"},"content":{"rendered":"\n<p>Nos \u00faltimos meses, os brasileiros t\u00eam sido <strong>beneficiados por diversos per\u00edodos de descanso proporcionados por feriados<\/strong>, que trouxeram uma pausa bem-vinda ao ritmo intenso do dia a dia. E esse cen\u00e1rio foi favorecido tanto pela recorr\u00eancia das datas quanto pela coincid\u00eancia com dias estrat\u00e9gicos do calend\u00e1rio.<\/p>\n\n\n\n<p>Mas vale lembrar que, muito em breve, <strong>esse ciclo ser\u00e1 interrompido<\/strong>, tendo em vista que maio ser\u00e1 o primeiro m\u00eas do ano a oferecer menos oportunidades de folga aos trabalhadores por conta de sua grande quantidade de dias \u00fateis.<\/p>\n\n\n\n<p>O \u00fanico feriado do per\u00edodo ser\u00e1 <strong>o do Dia do Trabalho, celebrado no dia 1\u00ba de maio<\/strong>, que permitir\u00e1 que muitas pessoas garantam mais um fim de semana prolongado por coincidir com uma sexta-feira.<\/p>\n\n\n\n<p>Posteriormente, o m\u00eas seguir\u00e1 <strong>sem novas folgas previstas por datas comemorativas<\/strong>. Por conta disso, ap\u00f3s desfrutar do descanso no fim de semana, \u00e9 fundamental que os brasileiros se preparem psicologicamente para a retomada da rotina.<\/p>\n\n\n\n<h2 class=\"wp-block-heading\">Al\u00e9m de maio: confira os meses sem oportunidade de descanso<\/h2>\n\n\n\n<p>Conforme mencionado anteriormente, mesmo contando com um feriado logo em seu primeiro dia, maio ser\u00e1 constitu\u00eddo principalmente por dias \u00fateis. E vale ressaltar que ele <strong>n\u00e3o ser\u00e1 o \u00fanico m\u00eas a apresentar esse cen\u00e1rio<\/strong>.<\/p>\n\n\n\n<p>Afinal, vale lembrar que <strong>os meses de julho e agosto<\/strong> s\u00e3o conhecidos justamente por n\u00e3o possu\u00edrem feriados nacionais. Por conta disso, a rotina de muitos trabalhadores segue inalterada durante o per\u00edodo.<\/p>\n\n\n\n<p>Al\u00e9m disso, apesar de ser o m\u00eas em que se celebra o Corpus Christi, junho tamb\u00e9m n\u00e3o costuma ser ben\u00e9fico para todos os brasileiros, uma vez que, em algumas cidades, <strong>a data n\u00e3o garante folga<\/strong> por ser considerada um ponto facultativo federal.<\/p>\n\n\n\n<p>Dessa forma, os planos para folgas prolongadas s\u00f3 poder\u00e3o ser retomados a partir de setembro, sendo esse o per\u00edodo em que o calend\u00e1rio de feriados no Brasil voltar\u00e1 a oferecer novas oportunidades para muitos desfrutarem de mais dias de descanso.<\/p>\n","protected":false},"excerpt":{"rendered":"<p>Nos \u00faltimos meses, os brasileiros t\u00eam sido beneficiados por diversos per\u00edodos de descanso proporcionados por feriados, que trouxeram uma pausa bem-vinda ao ritmo intenso do dia a dia. E esse cen\u00e1rio foi favorecido tanto pela recorr\u00eancia das datas quanto pela coincid\u00eancia com dias estrat\u00e9gicos do calend\u00e1rio. Mas vale lembrar que, muito em breve, esse ciclo [&hellip;]<\/p>\n","protected":false},"author":19,"featured_media":23894,"comment_status":"open","ping_status":"open","sticky":false,"template":"","format":"standard","meta":{"jnews-multi-image_gallery":[],"jnews_single_post":{"format":"standard"},"jnews_primary_category":[],"jnews_social_meta":[],"jnews_post_split":[],"footnotes":""},"categories":[1],"tags":[],"class_list":["post-23893","post","type-post","status-publish","format-standard","has-post-thumbnail","hentry","category-geral"],"_links":{"self":[{"href":"https:\/\/tnh1.audiencelabs.com.br\/wp-json\/wp\/v2\/posts\/23893","targetHints":{"allow":["GET"]}}],"collection":[{"href":"https:\/\/tnh1.audiencelabs.com.br\/wp-json\/wp\/v2\/posts"}],"about":[{"href":"https:\/\/tnh1.audiencelabs.com.br\/wp-json\/wp\/v2\/types\/post"}],"author":[{"embeddable":true,"href":"https:\/\/tnh1.audiencelabs.com.br\/wp-json\/wp\/v2\/users\/19"}],"replies":[{"embeddable":true,"href":"https:\/\/tnh1.audiencelabs.com.br\/wp-json\/wp\/v2\/comments?post=23893"}],"version-history":[{"count":1,"href":"https:\/\/tnh1.audiencelabs.com.br\/wp-json\/wp\/v2\/posts\/23893\/revisions"}],"predecessor-version":[{"id":23897,"href":"https:\/\/tnh1.audiencelabs.com.br\/wp-json\/wp\/v2\/posts\/23893\/revisions\/23897"}],"wp:featuredmedia":[{"embeddable":true,"href":"https:\/\/tnh1.audiencelabs.com.br\/wp-json\/wp\/v2\/media\/23894"}],"wp:attachment":[{"href":"https:\/\/tnh1.audiencelabs.com.br\/wp-json\/wp\/v2\/media?parent=23893"}],"wp:term":[{"taxonomy":"category","embeddable":true,"href":"https:\/\/tnh1.audiencelabs.com.br\/wp-json\/wp\/v2\/categories?post=23893"},{"taxonomy":"post_tag","embeddable":true,"href":"https:\/\/tnh1.audiencelabs.com.br\/wp-json\/wp\/v2\/tags?post=23893"}],"curies":[{"name":"wp","href":"https:\/\/api.w.org\/{rel}","templated":true}]}}