{"id":23898,"date":"2026-04-29T20:37:00","date_gmt":"2026-04-29T23:37:00","guid":{"rendered":"https:\/\/tnh1.audiencelabs.com.br\/?p=23898"},"modified":"2026-04-29T10:14:32","modified_gmt":"2026-04-29T13:14:32","slug":"fim-do-ensino-em-faculdade-publica-no-brasil-e-confirmado-e-vai-acabar-em-2027","status":"publish","type":"post","link":"https:\/\/tnh1.audiencelabs.com.br\/fim-do-ensino-em-faculdade-publica-no-brasil-e-confirmado-e-vai-acabar-em-2027\/","title":{"rendered":"Fim do ensino em faculdade p\u00fablica no Brasil \u00e9 confirmado e vai acabar em 2027"},"content":{"rendered":"\n<p>Uma decis\u00e3o recente, tomada pelo Conselho de Ensino, Pesquisa e Extens\u00e3o da Universidade Federal de Minas Gerais (UFMG), surpreendeu a comunidade escolar por conta do<strong> impacto que pode causar ao ensino p\u00fablico do Brasil<\/strong>.<\/p>\n\n\n\n<p>Conforme divulgado pelo portal <em>g1<\/em>, o \u00f3rg\u00e3o optou por <strong>encerrar o regime de tempo integral do Centro Pedag\u00f3gico (CP)<\/strong>, implementado originalmente em 2011, substituindo-o pelo parcial.<\/p>\n\n\n\n<p>A transi\u00e7\u00e3o est\u00e1 prevista para ser conclu\u00edda em 2027. Em nota, a UFMG admitiu reconhecer a legitimidade das preocupa\u00e7\u00f5es em torno da decis\u00e3o, mas afirmou que ela <strong>derivou de um extenso processo de avalia\u00e7\u00e3o<\/strong> que vem sendo conduzido desde 2024.<\/p>\n\n\n\n<p>Baseada nas an\u00e1lises de comiss\u00f5es institucionais e da C\u00e2mara de Gradua\u00e7\u00e3o, a iniciativa tem como objetivo central <strong>enfrentar &#8220;limites de ordem acad\u00eamico-pedag\u00f3gicas, estrutural e or\u00e7ament\u00e1ria&#8221;<\/strong> identificados no atual modelo.<\/p>\n\n\n\n<p>A faculdade refor\u00e7ou que a resolu\u00e7\u00e3o foi orientada &#8220;pelo compromisso com o interesse p\u00fablico&#8221; e que a proposta do novo projeto pedag\u00f3gico \u00e9 <strong>promover a equidade e assegurar condi\u00e7\u00f5es que favore\u00e7am o processo de aprendizagem<\/strong>.<\/p>\n\n\n\n<h2 class=\"wp-block-heading\">Decis\u00e3o de faculdade gerou repercuss\u00e3o negativa com fam\u00edlias de alunos<\/h2>\n\n\n\n<p>Apesar das justificativas apresentadas para a delibera\u00e7\u00e3o, a UFMG foi<strong> amplamente criticada pelas fam\u00edlias de alunos<\/strong>, que se uniram a estudantes universit\u00e1rios para fundar o Coletivo Fam\u00edlias pelo Tempo Integral CP UFMG.<\/p>\n\n\n\n<p>Uma das principais queixas \u00e9 sobre a forma como o processo foi conduzido pelas inst\u00e2ncias da faculdade, tendo em vista que, originalmente, a decis\u00e3o vinha sendo tratada apenas como uma possibilidade a ser avaliada nas reuni\u00f5es do Conselho Comunit\u00e1rio.<\/p>\n\n\n\n<p>Al\u00e9m disso, o Coletivo Fam\u00edlias conduziu uma pesquisa que exp\u00f4s os impactos socioecon\u00f4micos do fim do CP. Segundo o levantamento, desenvolvido em parceria com o Diret\u00f3rio Central dos Estudantes, ao menos 34% das fam\u00edlias com filhos matriculados na institui\u00e7\u00e3o <strong>dependem do funcionamento em tempo integral<\/strong>, j\u00e1 que essa \u00e9 a \u00fanica forma de conseguirem trabalhar.<\/p>\n","protected":false},"excerpt":{"rendered":"<p>Uma decis\u00e3o recente, tomada pelo Conselho de Ensino, Pesquisa e Extens\u00e3o da Universidade Federal de Minas Gerais (UFMG), surpreendeu a comunidade escolar por conta do impacto que pode causar ao ensino p\u00fablico do Brasil. Conforme divulgado pelo portal g1, o \u00f3rg\u00e3o optou por encerrar o regime de tempo integral do Centro Pedag\u00f3gico (CP), implementado originalmente [&hellip;]<\/p>\n","protected":false},"author":19,"featured_media":23899,"comment_status":"open","ping_status":"open","sticky":false,"template":"","format":"standard","meta":{"jnews-multi-image_gallery":[],"jnews_single_post":{"format":"standard"},"jnews_primary_category":[],"jnews_social_meta":[],"jnews_post_split":[],"footnotes":""},"categories":[1],"tags":[],"class_list":["post-23898","post","type-post","status-publish","format-standard","has-post-thumbnail","hentry","category-geral"],"_links":{"self":[{"href":"https:\/\/tnh1.audiencelabs.com.br\/wp-json\/wp\/v2\/posts\/23898","targetHints":{"allow":["GET"]}}],"collection":[{"href":"https:\/\/tnh1.audiencelabs.com.br\/wp-json\/wp\/v2\/posts"}],"about":[{"href":"https:\/\/tnh1.audiencelabs.com.br\/wp-json\/wp\/v2\/types\/post"}],"author":[{"embeddable":true,"href":"https:\/\/tnh1.audiencelabs.com.br\/wp-json\/wp\/v2\/users\/19"}],"replies":[{"embeddable":true,"href":"https:\/\/tnh1.audiencelabs.com.br\/wp-json\/wp\/v2\/comments?post=23898"}],"version-history":[{"count":2,"href":"https:\/\/tnh1.audiencelabs.com.br\/wp-json\/wp\/v2\/posts\/23898\/revisions"}],"predecessor-version":[{"id":24011,"href":"https:\/\/tnh1.audiencelabs.com.br\/wp-json\/wp\/v2\/posts\/23898\/revisions\/24011"}],"wp:featuredmedia":[{"embeddable":true,"href":"https:\/\/tnh1.audiencelabs.com.br\/wp-json\/wp\/v2\/media\/23899"}],"wp:attachment":[{"href":"https:\/\/tnh1.audiencelabs.com.br\/wp-json\/wp\/v2\/media?parent=23898"}],"wp:term":[{"taxonomy":"category","embeddable":true,"href":"https:\/\/tnh1.audiencelabs.com.br\/wp-json\/wp\/v2\/categories?post=23898"},{"taxonomy":"post_tag","embeddable":true,"href":"https:\/\/tnh1.audiencelabs.com.br\/wp-json\/wp\/v2\/tags?post=23898"}],"curies":[{"name":"wp","href":"https:\/\/api.w.org\/{rel}","templated":true}]}}