{"id":23902,"date":"2026-05-03T07:04:00","date_gmt":"2026-05-03T10:04:00","guid":{"rendered":"https:\/\/tnh1.audiencelabs.com.br\/?p=23902"},"modified":"2026-04-29T10:07:37","modified_gmt":"2026-04-29T13:07:37","slug":"faculdade-publica-no-brasil-tera-novo-tipo-de-cota-a-partir-de-2028","status":"publish","type":"post","link":"https:\/\/tnh1.audiencelabs.com.br\/faculdade-publica-no-brasil-tera-novo-tipo-de-cota-a-partir-de-2028\/","title":{"rendered":"Faculdade p\u00fablica no Brasil ter\u00e1 novo tipo de cota a partir de 2028"},"content":{"rendered":"\n<p>Uma das melhores faculdades p\u00fablicas no Brasil, a USP (Universidade de S\u00e3o Paulo), ter\u00e1 um novo tipo de cota a partir de 2028. A institui\u00e7\u00e3o come\u00e7ar\u00e1 a implementar cotas espec\u00edficas para pessoas com defici\u00eancia (PcD).<\/p>\n\n\n\n<p>A nova cota surge ap\u00f3s determina\u00e7\u00e3o da <a href=\"https:\/\/www.al.sp.gov.br\/repositorio\/legislacao\/lei\/2025\/lei-18167-08.07.2025.html\" target=\"_blank\" rel=\"noreferrer noopener\">lei estadual 18.167 promulgada em 8 julho de 2025<\/a>, que especifica a obrigatoriedade de haver vagas para PcDs em cursos t\u00e9cnicos e universidades estaduais. Al\u00e9m da USP, as Fatecs (Faculdades de Tecnologia), Etecs (Escolas T\u00e9cnicas Estaduais), Unesp e Unicamp devem disponibilizar cotas para este grupo. <\/p>\n\n\n\n<p>Vale destacar ainda que j\u00e1 em exames aplicados em 2027, os diversos modelos de ingresso, como Fuvest, Enem-USP e Prov\u00e3o Paulista, passar\u00e3o a incorporar essa nova modalidade de a\u00e7\u00e3o afirmativa, com efeito direto nos estudantes que ingressarem nas universidades em 2028.<\/p>\n\n\n\n<h2 class=\"wp-block-heading\">Como funciona a l\u00f3gica da reserva de vagas<\/h2>\n\n\n\n<p>Diferente de outros modelos de cotas j\u00e1 existentes, o novo formato segue um crit\u00e9rio proporcional. A legisla\u00e7\u00e3o determina que o percentual de vagas reservadas deve ser, no m\u00ednimo, equivalente \u00e0 participa\u00e7\u00e3o de pessoas com defici\u00eancia na popula\u00e7\u00e3o do estado.<\/p>\n\n\n\n<p>Dados do censo indicam que esse grupo representa cerca de 6,3% da popula\u00e7\u00e3o paulista, o que deve servir como base para a distribui\u00e7\u00e3o das vagas. Assim, isso cria um mecanismo de ajuste autom\u00e1tico: quanto maior a representatividade do grupo na popula\u00e7\u00e3o, maior tende a ser o n\u00famero de vagas reservadas.<\/p>\n\n\n\n<h2 class=\"wp-block-heading\">Como a medida ser\u00e1 implementada<\/h2>\n\n\n\n<p>Apesar da defini\u00e7\u00e3o legal, a aplica\u00e7\u00e3o pr\u00e1tica ainda est\u00e1 em fase de constru\u00e7\u00e3o. A USP, por exemplo, criou um grupo de trabalho espec\u00edfico para definir crit\u00e9rios, regras e formatos de implementa\u00e7\u00e3o das cotas para PcD.<\/p>\n\n\n\n<p>Esse processo envolve decis\u00f5es como:<\/p>\n\n\n\n<ul class=\"wp-block-list\">\n<li>formas de comprova\u00e7\u00e3o da defici\u00eancia<\/li>\n\n\n\n<li>distribui\u00e7\u00e3o das vagas entre cursos<\/li>\n\n\n\n<li>integra\u00e7\u00e3o com os sistemas de cotas j\u00e1 existentes<\/li>\n<\/ul>\n\n\n\n<p>Dessa forma, o modelo final ainda ser\u00e1 ajustado antes de entrar em vigor.<\/p>\n\n\n\n<p><\/p>\n\n\n\n<p> <\/p>\n","protected":false},"excerpt":{"rendered":"<p>Uma das melhores faculdades p\u00fablicas no Brasil, a USP (Universidade de S\u00e3o Paulo), ter\u00e1 um novo tipo de cota a partir de 2028. A institui\u00e7\u00e3o come\u00e7ar\u00e1 a implementar cotas espec\u00edficas para pessoas com defici\u00eancia (PcD). A nova cota surge ap\u00f3s determina\u00e7\u00e3o da lei estadual 18.167 promulgada em 8 julho de 2025, que especifica a obrigatoriedade [&hellip;]<\/p>\n","protected":false},"author":20,"featured_media":23903,"comment_status":"open","ping_status":"open","sticky":false,"template":"","format":"standard","meta":{"jnews-multi-image_gallery":[],"jnews_single_post":{"format":"standard"},"jnews_primary_category":[],"jnews_social_meta":[],"jnews_post_split":[],"footnotes":""},"categories":[1],"tags":[],"class_list":["post-23902","post","type-post","status-publish","format-standard","has-post-thumbnail","hentry","category-geral"],"_links":{"self":[{"href":"https:\/\/tnh1.audiencelabs.com.br\/wp-json\/wp\/v2\/posts\/23902","targetHints":{"allow":["GET"]}}],"collection":[{"href":"https:\/\/tnh1.audiencelabs.com.br\/wp-json\/wp\/v2\/posts"}],"about":[{"href":"https:\/\/tnh1.audiencelabs.com.br\/wp-json\/wp\/v2\/types\/post"}],"author":[{"embeddable":true,"href":"https:\/\/tnh1.audiencelabs.com.br\/wp-json\/wp\/v2\/users\/20"}],"replies":[{"embeddable":true,"href":"https:\/\/tnh1.audiencelabs.com.br\/wp-json\/wp\/v2\/comments?post=23902"}],"version-history":[{"count":2,"href":"https:\/\/tnh1.audiencelabs.com.br\/wp-json\/wp\/v2\/posts\/23902\/revisions"}],"predecessor-version":[{"id":24186,"href":"https:\/\/tnh1.audiencelabs.com.br\/wp-json\/wp\/v2\/posts\/23902\/revisions\/24186"}],"wp:featuredmedia":[{"embeddable":true,"href":"https:\/\/tnh1.audiencelabs.com.br\/wp-json\/wp\/v2\/media\/23903"}],"wp:attachment":[{"href":"https:\/\/tnh1.audiencelabs.com.br\/wp-json\/wp\/v2\/media?parent=23902"}],"wp:term":[{"taxonomy":"category","embeddable":true,"href":"https:\/\/tnh1.audiencelabs.com.br\/wp-json\/wp\/v2\/categories?post=23902"},{"taxonomy":"post_tag","embeddable":true,"href":"https:\/\/tnh1.audiencelabs.com.br\/wp-json\/wp\/v2\/tags?post=23902"}],"curies":[{"name":"wp","href":"https:\/\/api.w.org\/{rel}","templated":true}]}}