{"id":23910,"date":"2026-05-03T08:09:00","date_gmt":"2026-05-03T11:09:00","guid":{"rendered":"https:\/\/tnh1.audiencelabs.com.br\/?p=23910"},"modified":"2026-04-29T11:01:59","modified_gmt":"2026-04-29T14:01:59","slug":"presidente-faz-alerta-e-diz-que-todas-essas-companhias-aereas-podem-falir","status":"publish","type":"post","link":"https:\/\/tnh1.audiencelabs.com.br\/presidente-faz-alerta-e-diz-que-todas-essas-companhias-aereas-podem-falir\/","title":{"rendered":"Presidente faz alerta e diz que todas essas companhias a\u00e9reas podem falir"},"content":{"rendered":"\n<p>O setor a\u00e9reo europeu voltou a entrar em zona de aten\u00e7\u00e3o ap\u00f3s um alerta direto vindo de uma das principais lideran\u00e7as do mercado de baixo custo. Em entrevista ao jornal italiano <a href=\"https:\/\/en.ilsole24ore.com\/art\/or-leary-ryanair-if-war-does-not-end-there-will-be-failures-AI2qC8cC\" target=\"_blank\" rel=\"noreferrer noopener\">Il Sole 24 Ore<\/a>, Michael O&#8217;Leary, presidente executivo da Ryanair, empresa a\u00e9rea com cede na Irlanda e que se destaca devido a ofertas com tarifas extremamente baixas, afirmou que as companhias a\u00e9reas Wizz Air e airBaltic podem falir no final deste ano, caso o petr\u00f3leo se mantenha com o custo elevado.<\/p>\n\n\n\n<p>A declara\u00e7\u00e3o coloca press\u00e3o sobre um setor que j\u00e1 opera em margens estreitas e altamente sens\u00edveis a varia\u00e7\u00f5es no pre\u00e7o do combust\u00edvel, um dos principais componentes do custo operacional da avia\u00e7\u00e3o.<\/p>\n\n\n\n<h2 class=\"wp-block-heading\">O alerta e o cen\u00e1rio de risco no setor a\u00e9reo<\/h2>\n\n\n\n<p>Segundo o executivo, o aumento cont\u00ednuo dos pre\u00e7os do combust\u00edvel de avia\u00e7\u00e3o, somado a tens\u00f5es geopol\u00edticas recentes, pode criar um ambiente insustent\u00e1vel para essas empresas. Al\u00e9m disso, na avalia\u00e7\u00e3o dele, pelo menos mais uma companhia a\u00e9rea europeia deve n\u00e3o suportar a press\u00e3o financeira nos pr\u00f3ximos meses, caso o cen\u00e1rio atual de alta do petr\u00f3leo continue. <\/p>\n\n\n\n<p>O ponto central da an\u00e1lise est\u00e1 na combina\u00e7\u00e3o entre alta demanda operacional e custos de combust\u00edvel em patamar elevado, o que reduz a capacidade das empresas de absorver choques financeiros sem repassar valores ao consumidor ou comprometer sua estrutura.<\/p>\n\n\n\n<p>Como forma de exemplificar sua fala, o executivo destacou que s\u00f3 em abril, a guerra no Ir\u00e3 j\u00e1 custou \u00e0 Ryanair um valor extra de 50 milh\u00f5es de d\u00f3lares (42,6 milh\u00f5es de euros) em combust\u00edvel. <\/p>\n\n\n\n<h2 class=\"wp-block-heading\">Um setor historicamente sens\u00edvel a crises<\/h2>\n\n\n\n<p>A avia\u00e7\u00e3o \u00e9 um dos setores mais expostos a ciclos econ\u00f4micos globais. Em momentos de crise, a demanda por viagens tende a cair rapidamente, enquanto os custos fixos permanecem elevados. Isso cria uma estrutura de press\u00e3o cont\u00ednua sobre as companhias.<\/p>\n\n\n\n<p>Al\u00e9m disso, o setor tamb\u00e9m \u00e9 impactado por fatores externos como conflitos internacionais, oscila\u00e7\u00f5es no pre\u00e7o do petr\u00f3leo e mudan\u00e7as regulat\u00f3rias, o que amplia ainda mais sua volatilidade estrutural.<\/p>\n\n\n\n<h2 class=\"wp-block-heading\">Wizz Air se defende dos coment\u00e1rios do executivo<\/h2>\n\n\n\n<p>Em nota, a companhia a\u00e9rea Wizz Air classificou como &#8220;completamente falsas&#8221; as afirma\u00e7\u00f5es realizadas pelo executivo. A empresa disse que possui uma situa\u00e7\u00e3o financeira s\u00f3lida, com muita liquidez. Al\u00e9m disso, seus avi\u00f5es s\u00e3o financiados com 18 meses de anteced\u00eancia.<\/p>\n\n\n\n<p>Outro ponto \u00e9 que 75% de sua frota j\u00e1 conta com as aeronaves da fam\u00edlia A320neo, que ajudam a reduzir custos, pois consomem menos combust\u00edvel e proporcionam maior efici\u00eancia. <\/p>\n\n\n\n<p>O ve\u00edculo de imprensa Euronews Travel, buscou alguma declara\u00e7\u00e3o da airBaltic, mas, at\u00e9 o momento, n\u00e3o houve nenhum pronunciamento oficial da empresa.<\/p>\n","protected":false},"excerpt":{"rendered":"<p>O setor a\u00e9reo europeu voltou a entrar em zona de aten\u00e7\u00e3o ap\u00f3s um alerta direto vindo de uma das principais lideran\u00e7as do mercado de baixo custo. Em entrevista ao jornal italiano Il Sole 24 Ore, Michael O&#8217;Leary, presidente executivo da Ryanair, empresa a\u00e9rea com cede na Irlanda e que se destaca devido a ofertas com [&hellip;]<\/p>\n","protected":false},"author":20,"featured_media":23916,"comment_status":"open","ping_status":"open","sticky":false,"template":"","format":"standard","meta":{"jnews-multi-image_gallery":[],"jnews_single_post":{"format":"standard"},"jnews_primary_category":[],"jnews_social_meta":[],"jnews_post_split":[],"footnotes":""},"categories":[1],"tags":[],"class_list":["post-23910","post","type-post","status-publish","format-standard","has-post-thumbnail","hentry","category-geral"],"_links":{"self":[{"href":"https:\/\/tnh1.audiencelabs.com.br\/wp-json\/wp\/v2\/posts\/23910","targetHints":{"allow":["GET"]}}],"collection":[{"href":"https:\/\/tnh1.audiencelabs.com.br\/wp-json\/wp\/v2\/posts"}],"about":[{"href":"https:\/\/tnh1.audiencelabs.com.br\/wp-json\/wp\/v2\/types\/post"}],"author":[{"embeddable":true,"href":"https:\/\/tnh1.audiencelabs.com.br\/wp-json\/wp\/v2\/users\/20"}],"replies":[{"embeddable":true,"href":"https:\/\/tnh1.audiencelabs.com.br\/wp-json\/wp\/v2\/comments?post=23910"}],"version-history":[{"count":4,"href":"https:\/\/tnh1.audiencelabs.com.br\/wp-json\/wp\/v2\/posts\/23910\/revisions"}],"predecessor-version":[{"id":24190,"href":"https:\/\/tnh1.audiencelabs.com.br\/wp-json\/wp\/v2\/posts\/23910\/revisions\/24190"}],"wp:featuredmedia":[{"embeddable":true,"href":"https:\/\/tnh1.audiencelabs.com.br\/wp-json\/wp\/v2\/media\/23916"}],"wp:attachment":[{"href":"https:\/\/tnh1.audiencelabs.com.br\/wp-json\/wp\/v2\/media?parent=23910"}],"wp:term":[{"taxonomy":"category","embeddable":true,"href":"https:\/\/tnh1.audiencelabs.com.br\/wp-json\/wp\/v2\/categories?post=23910"},{"taxonomy":"post_tag","embeddable":true,"href":"https:\/\/tnh1.audiencelabs.com.br\/wp-json\/wp\/v2\/tags?post=23910"}],"curies":[{"name":"wp","href":"https:\/\/api.w.org\/{rel}","templated":true}]}}