{"id":23913,"date":"2026-04-29T18:33:00","date_gmt":"2026-04-29T21:33:00","guid":{"rendered":"https:\/\/tnh1.audiencelabs.com.br\/?p=23913"},"modified":"2026-04-29T11:02:24","modified_gmt":"2026-04-29T14:02:24","slug":"governo-confirma-nova-regra-e-andar-de-carro-sera-proibido-durante-sabado-e-domingo","status":"publish","type":"post","link":"https:\/\/tnh1.audiencelabs.com.br\/governo-confirma-nova-regra-e-andar-de-carro-sera-proibido-durante-sabado-e-domingo\/","title":{"rendered":"Governo confirma nova regra e andar de carro ser\u00e1 proibido durante s\u00e1bado e domingo"},"content":{"rendered":"\n<p>A <strong>Avenida S\u00e3o Jo\u00e3o,<\/strong> localizada no centro de <strong>S\u00e3o Paulo<\/strong>, ser\u00e1 temporariamente transformada em um espa\u00e7o de eventos culturais a partir das 18h de s\u00e1bado at\u00e9 as 23h de domingo. O trecho estar\u00e1 <strong>interditado para ve\u00edculos,<\/strong> permitindo uma intensa programa\u00e7\u00e3o de atividades art\u00edsticas. A expectativa dos envolvidos \u00e9 que isso aconte\u00e7a a partir de <strong>setembro.<\/strong><\/p>\n\n\n\n<p>A iniciativa, liderada pela F\u00e1brica de Bares em parceria com o governo municipal de S\u00e3o Paulo, tem como objetivo revitalizar a \u00e1rea e atrair tanto moradores quanto visitantes.<\/p>\n\n\n\n<p>A programa\u00e7\u00e3o da Avenida S\u00e3o Jo\u00e3o inclui shows ao ar livre, exposi\u00e7\u00f5es e performances no projeto denominado Boulevard S\u00e3o Jo\u00e3o. Este espa\u00e7o, apelidado de <strong>&#8220;Times Square Paulistana&#8221;<\/strong>, contar\u00e1 com feiras gastron\u00f4micas e de artesanato.<\/p>\n\n\n\n<p>Pain\u00e9is de LED exibir\u00e3o v\u00eddeos culturais, adicionando uma nova din\u00e2mica ao local. A proposta visa n\u00e3o apenas aumentar a atividade nos finais de semana, mas tamb\u00e9m incentivar o consumo local.<\/p>\n\n\n\n<h2 class=\"wp-block-heading\">Eventos inclusivos no centro de S\u00e3o Paulo<\/h2>\n\n\n\n<p>O evento \u00e9 planejado para ser acess\u00edvel a todas as idades, oferecendo uma variedade de atra\u00e7\u00f5es. O p\u00fablico poder\u00e1 assistir artistas de rua e shows ao vivo, enquanto apoia pequenos comerciantes nas feiras.<\/p>\n\n\n\n<p>Al\u00e9m disso, haver\u00e1 \u00e1reas destinadas para pets e atividades para crian\u00e7as, promovendo um ambiente inclusivo. Este conceito busca transformar os espa\u00e7os p\u00fablicos em ambientes culturalmente ricos.<\/p>\n\n\n\n<p>A realiza\u00e7\u00e3o desses eventos \u00e9 uma colabora\u00e7\u00e3o entre a F\u00e1brica de Bares, que financia as atra\u00e7\u00f5es culturais, e a prefeitura, respons\u00e1vel pela infraestrutura. Esse modelo colaborativo pretende consolidar a Avenida S\u00e3o Jo\u00e3o como um centro cultural de S\u00e3o Paulo.<\/p>\n","protected":false},"excerpt":{"rendered":"<p>A expectativa dos envolvidos \u00e9 que isso aconte\u00e7a ainda este ano.<\/p>\n","protected":false},"author":8,"featured_media":23918,"comment_status":"open","ping_status":"open","sticky":false,"template":"","format":"standard","meta":{"jnews-multi-image_gallery":[],"jnews_single_post":{"format":"standard"},"jnews_primary_category":[],"jnews_social_meta":[],"jnews_post_split":[],"footnotes":""},"categories":[1],"tags":[],"class_list":["post-23913","post","type-post","status-publish","format-standard","has-post-thumbnail","hentry","category-geral"],"_links":{"self":[{"href":"https:\/\/tnh1.audiencelabs.com.br\/wp-json\/wp\/v2\/posts\/23913","targetHints":{"allow":["GET"]}}],"collection":[{"href":"https:\/\/tnh1.audiencelabs.com.br\/wp-json\/wp\/v2\/posts"}],"about":[{"href":"https:\/\/tnh1.audiencelabs.com.br\/wp-json\/wp\/v2\/types\/post"}],"author":[{"embeddable":true,"href":"https:\/\/tnh1.audiencelabs.com.br\/wp-json\/wp\/v2\/users\/8"}],"replies":[{"embeddable":true,"href":"https:\/\/tnh1.audiencelabs.com.br\/wp-json\/wp\/v2\/comments?post=23913"}],"version-history":[{"count":2,"href":"https:\/\/tnh1.audiencelabs.com.br\/wp-json\/wp\/v2\/posts\/23913\/revisions"}],"predecessor-version":[{"id":23920,"href":"https:\/\/tnh1.audiencelabs.com.br\/wp-json\/wp\/v2\/posts\/23913\/revisions\/23920"}],"wp:featuredmedia":[{"embeddable":true,"href":"https:\/\/tnh1.audiencelabs.com.br\/wp-json\/wp\/v2\/media\/23918"}],"wp:attachment":[{"href":"https:\/\/tnh1.audiencelabs.com.br\/wp-json\/wp\/v2\/media?parent=23913"}],"wp:term":[{"taxonomy":"category","embeddable":true,"href":"https:\/\/tnh1.audiencelabs.com.br\/wp-json\/wp\/v2\/categories?post=23913"},{"taxonomy":"post_tag","embeddable":true,"href":"https:\/\/tnh1.audiencelabs.com.br\/wp-json\/wp\/v2\/tags?post=23913"}],"curies":[{"name":"wp","href":"https:\/\/api.w.org\/{rel}","templated":true}]}}